{"id":39105,"date":"2026-09-01T08:20:49","date_gmt":"2026-09-01T13:20:49","guid":{"rendered":"https:\/\/holaamericanews.com\/?p=39105"},"modified":"2026-09-01T08:21:17","modified_gmt":"2026-09-01T13:21:17","slug":"lulacs-mexican-independence-day-parade-returns-to-east-moline-sept-13","status":"publish","type":"post","link":"https:\/\/holaamericanews.com\/es\/lulacs-mexican-independence-day-parade-returns-to-east-moline-sept-13\/","title":{"rendered":"El desfile de LULAC por la Independencia de M\u00e9xico regresa a East Moline el 13 de septiembre"},"content":{"rendered":"<div id=\"holaa-3197182132\" class=\"holaa-before-content holaa-entity-placement\" style=\"margin-top: 2px;margin-bottom: 2px;margin-left: auto;margin-right: auto;text-align: center;\"><div class=\"holaa-adlabel\">Advertisements<\/div><a data-no-instant=\"1\" href=\"https:\/\/www.eventbrite.com\/e\/1997586980432?aff=oddtdtcreator\" rel=\"noopener\" class=\"a2t-link\" target=\"_blank\" aria-label=\"4\"><img loading=\"lazy\" decoding=\"async\" src=\"https:\/\/holaamericanews.com\/wp-content\/uploads\/2026\/08\/4.png\" alt=\"\"  srcset=\"https:\/\/holaamericanews.com\/wp-content\/uploads\/2026\/08\/4.png 728w, https:\/\/holaamericanews.com\/wp-content\/uploads\/2026\/08\/4-300x37.png 300w, https:\/\/holaamericanews.com\/wp-content\/uploads\/2026\/08\/4-696x86.png 696w\" sizes=\"(max-width: 728px) 100vw, 728px\" width=\"728\" height=\"90\"  style=\"display: inline-block;\" \/><\/a><\/div><br style=\"clear: both; display: block; float: none;\"\/><h2>El desfile y la fiesta regresan tras un a\u00f1o de ausencia, de mediod\u00eda a 9 p.m. en Runner&#8217;s Park, con ganancias que apoyan un programa de becas universitarias.<\/h2>\n<p><strong>Por Hola America News<\/strong><\/p>\n<p>El Desfile y Fiesta por la Independencia de M\u00e9xico del Consejo LULAC #5285 regresa a Runner&#8217;s Park, en East Moline, el domingo 13 de septiembre, tras un a\u00f1o de ausencia. El desfile comienza al mediod\u00eda sobre la Avenida 15, seguido de una fiesta que contin\u00faa hasta las 9 p.m. Las ganancias del evento apoyan el programa de becas universitarias del consejo.<\/p><div id=\"holaa-3621804155\" class=\"holaa-ad-inside-articles-2 holaa-entity-placement\" style=\"margin-top: 2px;margin-bottom: 2px;margin-left: auto;margin-right: auto;text-align: center;\"><div class=\"holaa-adlabel\">Advertisements<\/div><a data-no-instant=\"1\" href=\"https:\/\/www.cdc.gov\/lead-prevention\/communication-resources\/are-you-pregnant.html\" rel=\"noopener\" class=\"a2t-link\" target=\"_blank\" aria-label=\"Web Ad August #1\"><img loading=\"lazy\" decoding=\"async\" src=\"https:\/\/holaamericanews.com\/wp-content\/uploads\/2026\/07\/Web-Ad-August-1-scaled-e1785534331757.jpg\" alt=\"\"  width=\"600\" height=\"150\"  style=\"display: inline-block;\" \/><\/a><\/div><br style=\"clear: both; display: block; float: none;\"\/>\n<p>El Consejo LULAC #5285 cancel\u00f3 el desfile el a\u00f1o pasado, citando preocupaciones de seguridad para la comunidad inmigrante, incluida la posible actividad de ICE, adem\u00e1s de otros retos log\u00edsticos.<\/p>\n<h2>El desfile recorre de la calle 3 a la 10 a partir del mediod\u00eda<\/h2>\n<p>El desfile avanza por la Avenida 15 en East Moline, desde la calle Tercera hasta la calle 10. Mike Reyes, miembro fundador del Consejo LULAC #5285 y miembro actual del Consejo LULAC 10, ser\u00e1 el gran mariscal.<\/p>\n<h2>Las solicitudes de vendedores y participantes cierran el 7 de septiembre<\/h2>\n<p>LULAC extendi\u00f3 su plazo para participantes del desfile y vendedores que no sean de comida hasta el lunes 7 de septiembre. Las solicitudes est\u00e1n disponibles en <a href=\"https:\/\/www.lulacmoline.org\" target=\"_blank\" rel=\"noopener noreferrer\">lulacmoline.org<\/a>. Las solicitudes de vendedores de comida ya cerraron, y el consejo no aceptar\u00e1 vendedores adicionales de ese tipo. Se esperan m\u00e1s de 40 vendedores y expositores en la fiesta, adem\u00e1s de una exhibici\u00f3n de autos del Latin Persuasion Car Club y actividades infantiles del club de bicicletas low-rider Los Chavalos.<\/p>\n<h2>El consejo ha otorgado m\u00e1s de $201,000 en becas desde 2014<\/h2>\n<p>El Consejo LULAC #5285 ha otorgado m\u00e1s de $201,000 en becas universitarias a m\u00e1s de 220 estudiantes de los Quad Cities desde 2014. El consejo otorg\u00f3 $20,800 a 27 estudiantes en 2025, y $14,150 a 26 estudiantes este a\u00f1o.<\/p><div id=\"holaa-1504935223\" class=\"holaa-ad-inside-articles holaa-entity-placement\" style=\"margin-top: 2px;margin-bottom: 2px;margin-left: auto;margin-right: auto;text-align: center;\"><div class=\"holaa-adlabel\">Advertisements<\/div><a data-no-instant=\"1\" href=\"https:\/\/www.eventbrite.com\/e\/1997586980432?aff=oddtdtcreator\" rel=\"noopener\" class=\"a2t-link\" target=\"_blank\" aria-label=\"7\"><img loading=\"lazy\" decoding=\"async\" src=\"https:\/\/holaamericanews.com\/wp-content\/uploads\/2026\/08\/7.png\" alt=\"\"  srcset=\"https:\/\/holaamericanews.com\/wp-content\/uploads\/2026\/08\/7.png 250w, https:\/\/holaamericanews.com\/wp-content\/uploads\/2026\/08\/7-150x150.png 150w\" sizes=\"(max-width: 250px) 100vw, 250px\" width=\"250\" height=\"250\"  style=\"display: inline-block;\" \/><\/a><\/div><br style=\"clear: both; display: block; float: none;\"\/>\n<h2>El Grito y una proclama del alcalde ocurren a media tarde<\/h2>\n<ul>\n<li>Mediod\u00eda: Desfile sobre la Avenida 15<\/li>\n<li>1:30 p.m.: Banda de mariachi Glenview<\/li>\n<li>2 p.m.: El Grito<\/li>\n<li>2:25 p.m.: El alcalde de East Moline entrega la proclama del Mes de la Herencia Hispana<\/li>\n<li>2:30 p.m.: Danza de Santa Mar\u00eda<\/li>\n<li>4 p.m.: Danza de West Liberty<\/li>\n<li>6 p.m.: Quad Cities Ballet Folkl\u00f3rico<\/li>\n<li>6:30 p.m. y 8 p.m.: Conjunto La Raz\u00f3n<\/li>\n<li>7:30 p.m.: DJ Guerrero<\/li>\n<li>9 p.m.: Se anuncian los ganadores de la rifa; concluye el evento<\/li>\n<\/ul>\n<p>Quienes deseen ser voluntarios pueden inscribirse para turnos en <a href=\"https:\/\/www.volunteersignup.org\/39BBP\" target=\"_blank\" rel=\"noopener noreferrer\">volunteersignup.org\/39BBP<\/a>. La fiesta contin\u00faa hasta las 9 p.m., cuando se anunciar\u00e1n los ganadores de la rifa.<\/p>\n<p><strong>Relacionado:<\/strong> <a href=\"https:\/\/holaamericanews.com\/fiestas-parades-and-heritage-events-you-wont-want-to-miss\/\">Hispanic Heritage Month 2026 events in Iowa and Nebraska<\/a><\/p><div id=\"holaa-3199294537\" class=\"holaa-content holaa-entity-placement\" style=\"margin-top: 2px;margin-bottom: 2px;margin-left: auto;margin-right: auto;text-align: center;\"><div class=\"holaa-adlabel\">Advertisements<\/div><a data-no-instant=\"1\" href=\"http:\/\/www.cleanupiowa.org\" rel=\"noopener\" class=\"a2t-link\" target=\"_blank\" aria-label=\"CIB26001_CLR_DIGITAL_SPAN_V5 (1)-page-001\"><img loading=\"lazy\" decoding=\"async\" src=\"https:\/\/holaamericanews.com\/wp-content\/uploads\/2026\/08\/CIB26001_CLR_DIGITAL_SPAN_V5-1-page-001.jpg\" alt=\"\"  width=\"300\" height=\"250\"  style=\"display: inline-block;\" \/><\/a><\/div>\n<hr \/>\n<p><strong>Mantente al tanto de las historias que importan: visita <a href=\"https:\/\/holaamericanews.com\/\">HolaAmericaNews.com<\/a> para consultar las \u00faltimas noticias, cultura y actualizaciones de la comunidad.<\/strong><\/p>\n<div id=\"holaa-863801150\" class=\"holaa-after-content holaa-entity-placement\" style=\"margin-top: 2px;margin-bottom: 2px;margin-left: auto;margin-right: auto;text-align: center;\"><div class=\"holaa-adlabel\">Advertisements<\/div><a data-no-instant=\"1\" href=\"http:\/\/www.cleanupiowa.org\" rel=\"noopener\" class=\"a2t-link\" target=\"_blank\" aria-label=\"CIB26001_CLR_DIGITAL_SPAN_V5 (1)-page-001\"><img loading=\"lazy\" decoding=\"async\" src=\"https:\/\/holaamericanews.com\/wp-content\/uploads\/2026\/08\/CIB26001_CLR_DIGITAL_SPAN_V5-1-page-001.jpg\" alt=\"\"  width=\"300\" height=\"250\"  style=\"display: inline-block;\" \/><\/a><\/div>","protected":false},"excerpt":{"rendered":"<p>El desfile y la fiesta regresan tras un a\u00f1o de ausencia, de mediod\u00eda a 9 p.m. en Runner&#8217;s Park, con ganancias que apoyan un programa de becas universitarias. Por Hola [&hellip;]<\/p>\n","protected":false},"author":3,"featured_media":39106,"comment_status":"closed","ping_status":"closed","sticky":false,"template":"","format":"standard","meta":{"om_disable_all_campaigns":false,"_monsterinsights_skip_tracking":false,"_uf_show_specific_survey":0,"_uf_disable_surveys":false,"footnotes":""},"categories":[11,35],"tags":[19125,19123,441,19127,199,96,451,159,563,8347],"translation":{"provider":"WPGlobus","version":"3.0.2","language":"es","enabled_languages":["en","es"],"languages":{"en":{"title":true,"content":true,"excerpt":false},"es":{"title":true,"content":true,"excerpt":false}}},"aioseo_notices":[],"aioseo_head":"\n\t\t<!-- All in One SEO 4.9.10 - aioseo.com -->\n\t<meta name=\"description\" content=\"LULAC&#039;s Mexican Independence Day Parade returns to East Moline Sept. 13, noon\u20139 p.m. at Runner&#039;s Park. Vendor deadline: Sept. 7.\" \/>\n\t<meta name=\"robots\" content=\"max-image-preview:large\" \/>\n\t<meta name=\"author\" content=\"Hola America News\"\/>\n\t<meta name=\"google-site-verification\" content=\"m7ei7MHIrIAJKgJCB-dhRHjidvMGDMt9VLZZUS8PfBM\" \/>\n\t<link rel=\"canonical\" href=\"https:\/\/holaamericanews.com\/es\/lulacs-mexican-independence-day-parade-returns-to-east-moline-sept-13\/\" \/>\n\t<meta name=\"generator\" content=\"All in One SEO (AIOSEO) 4.9.10\" \/>\n\t\t<meta property=\"og:locale\" content=\"es_ES\" \/>\n\t\t<meta property=\"og:site_name\" content=\"{:en}Hola America News{:}{:es}Hola America News{:}\" \/>\n\t\t<meta property=\"og:type\" content=\"article\" \/>\n\t\t<meta property=\"og:title\" content=\"LULAC Parade Returns to East Moline Sept. 13\" \/>\n\t\t<meta property=\"og:description\" content=\"LULAC&#039;s Mexican Independence Day Parade returns to East Moline Sept. 13, noon\u20139 p.m. at Runner&#039;s Park. Vendor deadline: Sept. 7.\" \/>\n\t\t<meta property=\"og:url\" content=\"https:\/\/holaamericanews.com\/es\/lulacs-mexican-independence-day-parade-returns-to-east-moline-sept-13\/\" \/>\n\t\t<meta property=\"og:image\" content=\"https:\/\/holaamericanews.com\/wp-content\/uploads\/2026\/09\/776658415_1090641986753045_439738002244419300_n-e1788268677841.jpeg\" \/>\n\t\t<meta property=\"og:image:secure_url\" content=\"https:\/\/holaamericanews.com\/wp-content\/uploads\/2026\/09\/776658415_1090641986753045_439738002244419300_n-e1788268677841.jpeg\" \/>\n\t\t<meta property=\"og:image:width\" content=\"900\" \/>\n\t\t<meta property=\"og:image:height\" content=\"600\" \/>\n\t\t<meta property=\"article:published_time\" content=\"2026-09-01T13:20:49+00:00\" \/>\n\t\t<meta property=\"article:modified_time\" content=\"2026-09-01T13:21:17+00:00\" \/>\n\t\t<meta property=\"article:publisher\" content=\"https:\/\/www.facebook.com\/HolaAmericaNews\" \/>\n\t\t<meta name=\"twitter:card\" content=\"summary\" \/>\n\t\t<meta name=\"twitter:site\" content=\"@HolaAmericaNews\" \/>\n\t\t<meta name=\"twitter:title\" content=\"LULAC Parade Returns to East Moline Sept. 13\" \/>\n\t\t<meta name=\"twitter:description\" content=\"LULAC&#039;s Mexican Independence Day Parade returns to East Moline Sept. 13, noon\u20139 p.m. at Runner&#039;s Park. Vendor deadline: Sept. 7.\" \/>\n\t\t<meta name=\"twitter:image\" content=\"https:\/\/holaamericanews.com\/wp-content\/uploads\/2026\/09\/776658415_1090641986753045_439738002244419300_n-e1788268677841.jpeg\" \/>\n\t\t<script type=\"application\/ld+json\" class=\"aioseo-schema\">\n\t\t\t{\"@context\":\"https:\\\/\\\/schema.org\",\"@graph\":[{\"@type\":\"Article\",\"@id\":\"https:\\\/\\\/holaamericanews.com\\\/es\\\/lulacs-mexican-independence-day-parade-returns-to-east-moline-sept-13\\\/#article\",\"name\":\"LULAC Parade Returns to East Moline Sept. 13\",\"headline\":\"El desfile de LULAC por la Independencia de M\\u00e9xico regresa a East Moline el 13 de septiembre\",\"author\":{\"@id\":\"https:\\\/\\\/holaamericanews.com\\\/es\\\/author\\\/hola-america-news\\\/#author\"},\"publisher\":{\"@id\":\"https:\\\/\\\/holaamericanews.com\\\/es\\\/#organization\"},\"image\":{\"@type\":\"ImageObject\",\"url\":\"https:\\\/\\\/holaamericanews.com\\\/wp-content\\\/uploads\\\/2026\\\/09\\\/776658415_1090641986753045_439738002244419300_n-e1788268677841.jpeg\",\"width\":900,\"height\":600,\"caption\":\"Photo: City of East Moline (via Facebook)\"},\"datePublished\":\"2026-09-01T08:20:49-05:00\",\"dateModified\":\"2026-09-01T08:21:17-05:00\",\"inLanguage\":\"es-ES\",\"mainEntityOfPage\":{\"@id\":\"https:\\\/\\\/holaamericanews.com\\\/es\\\/lulacs-mexican-independence-day-parade-returns-to-east-moline-sept-13\\\/#webpage\"},\"isPartOf\":{\"@id\":\"https:\\\/\\\/holaamericanews.com\\\/es\\\/lulacs-mexican-independence-day-parade-returns-to-east-moline-sept-13\\\/#webpage\"},\"articleSection\":\"Hola Iowa, Latest News, becas universitarias, desfile hispano, East Moline, El Grito, Illinois, LULAC, Mexican Independence Day, Quad Cities, Rock Island County, Runners Park, Espa\\u00f1ol\"},{\"@type\":\"BreadcrumbList\",\"@id\":\"https:\\\/\\\/holaamericanews.com\\\/es\\\/lulacs-mexican-independence-day-parade-returns-to-east-moline-sept-13\\\/#breadcrumblist\",\"itemListElement\":[{\"@type\":\"ListItem\",\"@id\":\"https:\\\/\\\/holaamericanews.com\\\/es#listItem\",\"position\":1,\"name\":\"Home\",\"item\":\"https:\\\/\\\/holaamericanews.com\\\/es\",\"nextItem\":{\"@type\":\"ListItem\",\"@id\":\"https:\\\/\\\/holaamericanews.com\\\/es\\\/category\\\/latest-news\\\/#listItem\",\"name\":\"Latest News\"}},{\"@type\":\"ListItem\",\"@id\":\"https:\\\/\\\/holaamericanews.com\\\/es\\\/category\\\/latest-news\\\/#listItem\",\"position\":2,\"name\":\"Latest News\",\"item\":\"https:\\\/\\\/holaamericanews.com\\\/es\\\/category\\\/latest-news\\\/\",\"nextItem\":{\"@type\":\"ListItem\",\"@id\":\"https:\\\/\\\/holaamericanews.com\\\/es\\\/category\\\/latest-news\\\/hola-iowa\\\/#listItem\",\"name\":\"Hola Iowa\"},\"previousItem\":{\"@type\":\"ListItem\",\"@id\":\"https:\\\/\\\/holaamericanews.com\\\/es#listItem\",\"name\":\"Home\"}},{\"@type\":\"ListItem\",\"@id\":\"https:\\\/\\\/holaamericanews.com\\\/es\\\/category\\\/latest-news\\\/hola-iowa\\\/#listItem\",\"position\":3,\"name\":\"Hola Iowa\",\"item\":\"https:\\\/\\\/holaamericanews.com\\\/es\\\/category\\\/latest-news\\\/hola-iowa\\\/\",\"nextItem\":{\"@type\":\"ListItem\",\"@id\":\"https:\\\/\\\/holaamericanews.com\\\/es\\\/lulacs-mexican-independence-day-parade-returns-to-east-moline-sept-13\\\/#listItem\",\"name\":\"El desfile de LULAC por la Independencia de M\\u00e9xico regresa a East Moline el 13 de septiembre\"},\"previousItem\":{\"@type\":\"ListItem\",\"@id\":\"https:\\\/\\\/holaamericanews.com\\\/es\\\/category\\\/latest-news\\\/#listItem\",\"name\":\"Latest News\"}},{\"@type\":\"ListItem\",\"@id\":\"https:\\\/\\\/holaamericanews.com\\\/es\\\/lulacs-mexican-independence-day-parade-returns-to-east-moline-sept-13\\\/#listItem\",\"position\":4,\"name\":\"El desfile de LULAC por la Independencia de M\\u00e9xico regresa a East Moline el 13 de septiembre\",\"previousItem\":{\"@type\":\"ListItem\",\"@id\":\"https:\\\/\\\/holaamericanews.com\\\/es\\\/category\\\/latest-news\\\/hola-iowa\\\/#listItem\",\"name\":\"Hola Iowa\"}}]},{\"@type\":\"Organization\",\"@id\":\"https:\\\/\\\/holaamericanews.com\\\/es\\\/#organization\",\"name\":\"Hola America News\",\"description\":\"The Midwest's Latino News Source\",\"url\":\"https:\\\/\\\/holaamericanews.com\\\/es\\\/\",\"telephone\":\"+13097215693\",\"logo\":{\"@type\":\"ImageObject\",\"url\":\"https:\\\/\\\/holaamericanews.com\\\/wp-content\\\/uploads\\\/2023\\\/03\\\/HolaAmerica-News-web-logo.png\",\"@id\":\"https:\\\/\\\/holaamericanews.com\\\/es\\\/lulacs-mexican-independence-day-parade-returns-to-east-moline-sept-13\\\/#organizationLogo\",\"width\":1000,\"height\":800},\"image\":{\"@id\":\"https:\\\/\\\/holaamericanews.com\\\/es\\\/lulacs-mexican-independence-day-parade-returns-to-east-moline-sept-13\\\/#organizationLogo\"},\"sameAs\":[\"https:\\\/\\\/www.instagram.com\\\/holaamerica\"]},{\"@type\":\"Person\",\"@id\":\"https:\\\/\\\/holaamericanews.com\\\/es\\\/author\\\/hola-america-news\\\/#author\",\"url\":\"https:\\\/\\\/holaamericanews.com\\\/es\\\/author\\\/hola-america-news\\\/\",\"name\":\"Hola America News\",\"image\":{\"@type\":\"ImageObject\",\"@id\":\"https:\\\/\\\/holaamericanews.com\\\/es\\\/lulacs-mexican-independence-day-parade-returns-to-east-moline-sept-13\\\/#authorImage\",\"url\":\"https:\\\/\\\/secure.gravatar.com\\\/avatar\\\/6d1c582bb271b69c302058f9a55f4953?s=96&d=mm&r=g\",\"width\":96,\"height\":96,\"caption\":\"Hola America News\"}},{\"@type\":\"WebPage\",\"@id\":\"https:\\\/\\\/holaamericanews.com\\\/es\\\/lulacs-mexican-independence-day-parade-returns-to-east-moline-sept-13\\\/#webpage\",\"url\":\"https:\\\/\\\/holaamericanews.com\\\/es\\\/lulacs-mexican-independence-day-parade-returns-to-east-moline-sept-13\\\/\",\"name\":\"LULAC Parade Returns to East Moline Sept. 13\",\"description\":\"LULAC's Mexican Independence Day Parade returns to East Moline Sept. 13, noon\\u20139 p.m. at Runner's Park. Vendor deadline: Sept. 7.\",\"inLanguage\":\"es-ES\",\"isPartOf\":{\"@id\":\"https:\\\/\\\/holaamericanews.com\\\/es\\\/#website\"},\"breadcrumb\":{\"@id\":\"https:\\\/\\\/holaamericanews.com\\\/es\\\/lulacs-mexican-independence-day-parade-returns-to-east-moline-sept-13\\\/#breadcrumblist\"},\"author\":{\"@id\":\"https:\\\/\\\/holaamericanews.com\\\/es\\\/author\\\/hola-america-news\\\/#author\"},\"creator\":{\"@id\":\"https:\\\/\\\/holaamericanews.com\\\/es\\\/author\\\/hola-america-news\\\/#author\"},\"image\":{\"@type\":\"ImageObject\",\"url\":\"https:\\\/\\\/holaamericanews.com\\\/wp-content\\\/uploads\\\/2026\\\/09\\\/776658415_1090641986753045_439738002244419300_n-e1788268677841.jpeg\",\"@id\":\"https:\\\/\\\/holaamericanews.com\\\/es\\\/lulacs-mexican-independence-day-parade-returns-to-east-moline-sept-13\\\/#mainImage\",\"width\":900,\"height\":600,\"caption\":\"Photo: City of East Moline (via Facebook)\"},\"primaryImageOfPage\":{\"@id\":\"https:\\\/\\\/holaamericanews.com\\\/es\\\/lulacs-mexican-independence-day-parade-returns-to-east-moline-sept-13\\\/#mainImage\"},\"datePublished\":\"2026-09-01T08:20:49-05:00\",\"dateModified\":\"2026-09-01T08:21:17-05:00\"},{\"@type\":\"WebSite\",\"@id\":\"https:\\\/\\\/holaamericanews.com\\\/es\\\/#website\",\"url\":\"https:\\\/\\\/holaamericanews.com\\\/es\\\/\",\"name\":\"{:en}Hola America News{:}{:es}Hola America News{:}\",\"description\":\"The Midwest's Latino News Source\",\"inLanguage\":\"es-ES\",\"publisher\":{\"@id\":\"https:\\\/\\\/holaamericanews.com\\\/es\\\/#organization\"}}]}\n\t\t<\/script>\n\t\t<!-- All in One SEO -->\n\n","aioseo_head_json":{"title":"LULAC Parade Returns to East Moline Sept. 13","description":"LULAC's Mexican Independence Day Parade returns to East Moline Sept. 13, noon\u20139 p.m. at Runner's Park. Vendor deadline: Sept. 7.","canonical_url":"https:\/\/holaamericanews.com\/es\/lulacs-mexican-independence-day-parade-returns-to-east-moline-sept-13\/","robots":"max-image-preview:large","keywords":"","webmasterTools":{"google-site-verification":"m7ei7MHIrIAJKgJCB-dhRHjidvMGDMt9VLZZUS8PfBM","miscellaneous":""},"schema":{"@context":"https:\/\/schema.org","@graph":[{"@type":"Article","@id":"https:\/\/holaamericanews.com\/es\/lulacs-mexican-independence-day-parade-returns-to-east-moline-sept-13\/#article","name":"LULAC Parade Returns to East Moline Sept. 13","headline":"El desfile de LULAC por la Independencia de M\u00e9xico regresa a East Moline el 13 de septiembre","author":{"@id":"https:\/\/holaamericanews.com\/es\/author\/hola-america-news\/#author"},"publisher":{"@id":"https:\/\/holaamericanews.com\/es\/#organization"},"image":{"@type":"ImageObject","url":"https:\/\/holaamericanews.com\/wp-content\/uploads\/2026\/09\/776658415_1090641986753045_439738002244419300_n-e1788268677841.jpeg","width":900,"height":600,"caption":"Photo: City of East Moline (via Facebook)"},"datePublished":"2026-09-01T08:20:49-05:00","dateModified":"2026-09-01T08:21:17-05:00","inLanguage":"es-ES","mainEntityOfPage":{"@id":"https:\/\/holaamericanews.com\/es\/lulacs-mexican-independence-day-parade-returns-to-east-moline-sept-13\/#webpage"},"isPartOf":{"@id":"https:\/\/holaamericanews.com\/es\/lulacs-mexican-independence-day-parade-returns-to-east-moline-sept-13\/#webpage"},"articleSection":"Hola Iowa, Latest News, becas universitarias, desfile hispano, East Moline, El Grito, Illinois, LULAC, Mexican Independence Day, Quad Cities, Rock Island County, Runners Park, Espa\u00f1ol"},{"@type":"BreadcrumbList","@id":"https:\/\/holaamericanews.com\/es\/lulacs-mexican-independence-day-parade-returns-to-east-moline-sept-13\/#breadcrumblist","itemListElement":[{"@type":"ListItem","@id":"https:\/\/holaamericanews.com\/es#listItem","position":1,"name":"Home","item":"https:\/\/holaamericanews.com\/es","nextItem":{"@type":"ListItem","@id":"https:\/\/holaamericanews.com\/es\/category\/latest-news\/#listItem","name":"Latest News"}},{"@type":"ListItem","@id":"https:\/\/holaamericanews.com\/es\/category\/latest-news\/#listItem","position":2,"name":"Latest News","item":"https:\/\/holaamericanews.com\/es\/category\/latest-news\/","nextItem":{"@type":"ListItem","@id":"https:\/\/holaamericanews.com\/es\/category\/latest-news\/hola-iowa\/#listItem","name":"Hola Iowa"},"previousItem":{"@type":"ListItem","@id":"https:\/\/holaamericanews.com\/es#listItem","name":"Home"}},{"@type":"ListItem","@id":"https:\/\/holaamericanews.com\/es\/category\/latest-news\/hola-iowa\/#listItem","position":3,"name":"Hola Iowa","item":"https:\/\/holaamericanews.com\/es\/category\/latest-news\/hola-iowa\/","nextItem":{"@type":"ListItem","@id":"https:\/\/holaamericanews.com\/es\/lulacs-mexican-independence-day-parade-returns-to-east-moline-sept-13\/#listItem","name":"El desfile de LULAC por la Independencia de M\u00e9xico regresa a East Moline el 13 de septiembre"},"previousItem":{"@type":"ListItem","@id":"https:\/\/holaamericanews.com\/es\/category\/latest-news\/#listItem","name":"Latest News"}},{"@type":"ListItem","@id":"https:\/\/holaamericanews.com\/es\/lulacs-mexican-independence-day-parade-returns-to-east-moline-sept-13\/#listItem","position":4,"name":"El desfile de LULAC por la Independencia de M\u00e9xico regresa a East Moline el 13 de septiembre","previousItem":{"@type":"ListItem","@id":"https:\/\/holaamericanews.com\/es\/category\/latest-news\/hola-iowa\/#listItem","name":"Hola Iowa"}}]},{"@type":"Organization","@id":"https:\/\/holaamericanews.com\/es\/#organization","name":"Hola America News","description":"The Midwest's Latino News Source","url":"https:\/\/holaamericanews.com\/es\/","telephone":"+13097215693","logo":{"@type":"ImageObject","url":"https:\/\/holaamericanews.com\/wp-content\/uploads\/2023\/03\/HolaAmerica-News-web-logo.png","@id":"https:\/\/holaamericanews.com\/es\/lulacs-mexican-independence-day-parade-returns-to-east-moline-sept-13\/#organizationLogo","width":1000,"height":800},"image":{"@id":"https:\/\/holaamericanews.com\/es\/lulacs-mexican-independence-day-parade-returns-to-east-moline-sept-13\/#organizationLogo"},"sameAs":["https:\/\/www.instagram.com\/holaamerica"]},{"@type":"Person","@id":"https:\/\/holaamericanews.com\/es\/author\/hola-america-news\/#author","url":"https:\/\/holaamericanews.com\/es\/author\/hola-america-news\/","name":"Hola America News","image":{"@type":"ImageObject","@id":"https:\/\/holaamericanews.com\/es\/lulacs-mexican-independence-day-parade-returns-to-east-moline-sept-13\/#authorImage","url":"https:\/\/secure.gravatar.com\/avatar\/6d1c582bb271b69c302058f9a55f4953?s=96&d=mm&r=g","width":96,"height":96,"caption":"Hola America News"}},{"@type":"WebPage","@id":"https:\/\/holaamericanews.com\/es\/lulacs-mexican-independence-day-parade-returns-to-east-moline-sept-13\/#webpage","url":"https:\/\/holaamericanews.com\/es\/lulacs-mexican-independence-day-parade-returns-to-east-moline-sept-13\/","name":"LULAC Parade Returns to East Moline Sept. 13","description":"LULAC's Mexican Independence Day Parade returns to East Moline Sept. 13, noon\u20139 p.m. at Runner's Park. Vendor deadline: Sept. 7.","inLanguage":"es-ES","isPartOf":{"@id":"https:\/\/holaamericanews.com\/es\/#website"},"breadcrumb":{"@id":"https:\/\/holaamericanews.com\/es\/lulacs-mexican-independence-day-parade-returns-to-east-moline-sept-13\/#breadcrumblist"},"author":{"@id":"https:\/\/holaamericanews.com\/es\/author\/hola-america-news\/#author"},"creator":{"@id":"https:\/\/holaamericanews.com\/es\/author\/hola-america-news\/#author"},"image":{"@type":"ImageObject","url":"https:\/\/holaamericanews.com\/wp-content\/uploads\/2026\/09\/776658415_1090641986753045_439738002244419300_n-e1788268677841.jpeg","@id":"https:\/\/holaamericanews.com\/es\/lulacs-mexican-independence-day-parade-returns-to-east-moline-sept-13\/#mainImage","width":900,"height":600,"caption":"Photo: City of East Moline (via Facebook)"},"primaryImageOfPage":{"@id":"https:\/\/holaamericanews.com\/es\/lulacs-mexican-independence-day-parade-returns-to-east-moline-sept-13\/#mainImage"},"datePublished":"2026-09-01T08:20:49-05:00","dateModified":"2026-09-01T08:21:17-05:00"},{"@type":"WebSite","@id":"https:\/\/holaamericanews.com\/es\/#website","url":"https:\/\/holaamericanews.com\/es\/","name":"{:en}Hola America News{:}{:es}Hola America News{:}","description":"The Midwest's Latino News Source","inLanguage":"es-ES","publisher":{"@id":"https:\/\/holaamericanews.com\/es\/#organization"}}]},"og:locale":"es_ES","og:site_name":"{:en}Hola America News{:}{:es}Hola America News{:}","og:type":"article","og:title":"LULAC Parade Returns to East Moline Sept. 13","og:description":"LULAC's Mexican Independence Day Parade returns to East Moline Sept. 13, noon\u20139 p.m. at Runner's Park. Vendor deadline: Sept. 7.","og:url":"https:\/\/holaamericanews.com\/es\/lulacs-mexican-independence-day-parade-returns-to-east-moline-sept-13\/","og:image":"https:\/\/holaamericanews.com\/wp-content\/uploads\/2026\/09\/776658415_1090641986753045_439738002244419300_n-e1788268677841.jpeg","og:image:secure_url":"https:\/\/holaamericanews.com\/wp-content\/uploads\/2026\/09\/776658415_1090641986753045_439738002244419300_n-e1788268677841.jpeg","og:image:width":900,"og:image:height":600,"article:published_time":"2026-09-01T13:20:49+00:00","article:modified_time":"2026-09-01T13:21:17+00:00","article:publisher":"https:\/\/www.facebook.com\/HolaAmericaNews","twitter:card":"summary","twitter:site":"@HolaAmericaNews","twitter:title":"LULAC Parade Returns to East Moline Sept. 13","twitter:description":"LULAC's Mexican Independence Day Parade returns to East Moline Sept. 13, noon\u20139 p.m. at Runner's Park. Vendor deadline: Sept. 7.","twitter:image":"https:\/\/holaamericanews.com\/wp-content\/uploads\/2026\/09\/776658415_1090641986753045_439738002244419300_n-e1788268677841.jpeg"},"aioseo_meta_data":{"post_id":"39105","title":"LULAC Parade Returns to East Moline Sept. 13","description":"LULAC's Mexican Independence Day Parade returns to East Moline Sept. 13, noon\u20139 p.m. at Runner's Park. Vendor deadline: Sept. 7.","keywords":null,"keyphrases":{"focus":{"keyphrase":"","score":0,"analysis":{"keyphraseInTitle":{"score":0,"maxScore":9,"error":1}}},"additional":[]},"primary_term":null,"canonical_url":null,"og_title":null,"og_description":null,"og_object_type":"default","og_image_type":"default","og_image_url":null,"og_image_width":null,"og_image_height":null,"og_image_custom_url":null,"og_image_custom_fields":null,"og_video":"","og_custom_url":null,"og_article_section":null,"og_article_tags":null,"twitter_use_og":false,"twitter_card":"default","twitter_image_type":"default","twitter_image_url":null,"twitter_image_custom_url":null,"twitter_image_custom_fields":null,"twitter_title":null,"twitter_description":null,"schema":{"blockGraphs":[],"customGraphs":[],"default":{"data":{"Article":[],"Course":[],"Dataset":[],"FAQPage":[],"Movie":[],"Person":[],"Product":[],"ProductReview":[],"Car":[],"Recipe":[],"Service":[],"SoftwareApplication":[],"WebPage":[]},"graphName":"Article","isEnabled":true},"graphs":[]},"schema_type":"default","schema_type_options":null,"pillar_content":false,"robots_default":true,"robots_noindex":false,"robots_noarchive":false,"robots_nosnippet":false,"robots_nofollow":false,"robots_noimageindex":false,"robots_noodp":false,"robots_notranslate":false,"robots_max_snippet":"-1","robots_max_videopreview":"-1","robots_max_imagepreview":"large","priority":null,"frequency":"default","local_seo":null,"breadcrumb_settings":null,"limit_modified_date":false,"ai":{"faqs":[],"keyPoints":[],"schemas":[],"titles":[],"descriptions":[],"socialPosts":{"email":{"subject":"","preview":"","content":""},"linkedin":[],"twitter":[],"facebook":[],"instagram":[]}},"created":"2026-09-01 13:11:24","updated":"2026-09-01 13:32:38","seo_analyzer_scan_date":null},"aioseo_breadcrumb":"<div class=\"aioseo-breadcrumbs\"><span class=\"aioseo-breadcrumb\">\n\t\t\t<a href=\"https:\/\/holaamericanews.com\/es\" title=\"Home\">Home<\/a>\n\t\t<\/span><span class=\"aioseo-breadcrumb-separator\">&raquo;<\/span><span class=\"aioseo-breadcrumb\">\n\t\t\t<a href=\"https:\/\/holaamericanews.com\/es\/category\/latest-news\/\" title=\"Latest News\">Latest News<\/a>\n\t\t<\/span><span class=\"aioseo-breadcrumb-separator\">&raquo;<\/span><span class=\"aioseo-breadcrumb\">\n\t\t\t<a href=\"https:\/\/holaamericanews.com\/es\/category\/latest-news\/hola-iowa\/\" title=\"Hola Iowa\">Hola Iowa<\/a>\n\t\t<\/span><span class=\"aioseo-breadcrumb-separator\">&raquo;<\/span><span class=\"aioseo-breadcrumb\">\n\t\t\tEl desfile de LULAC por la Independencia de M\u00e9xico regresa a East Moline el 13 de septiembre\n\t\t<\/span><\/div>","aioseo_breadcrumb_json":[{"label":"Home","link":"https:\/\/holaamericanews.com\/es"},{"label":"Latest News","link":"https:\/\/holaamericanews.com\/es\/category\/latest-news\/"},{"label":"Hola Iowa","link":"https:\/\/holaamericanews.com\/es\/category\/latest-news\/hola-iowa\/"},{"label":"El desfile de LULAC por la Independencia de M\u00e9xico regresa a East Moline el 13 de septiembre","link":"https:\/\/holaamericanews.com\/es\/lulacs-mexican-independence-day-parade-returns-to-east-moline-sept-13\/"}],"_links":{"self":[{"href":"https:\/\/holaamericanews.com\/es\/wp-json\/wp\/v2\/posts\/39105"}],"collection":[{"href":"https:\/\/holaamericanews.com\/es\/wp-json\/wp\/v2\/posts"}],"about":[{"href":"https:\/\/holaamericanews.com\/es\/wp-json\/wp\/v2\/types\/post"}],"author":[{"embeddable":true,"href":"https:\/\/holaamericanews.com\/es\/wp-json\/wp\/v2\/users\/3"}],"replies":[{"embeddable":true,"href":"https:\/\/holaamericanews.com\/es\/wp-json\/wp\/v2\/comments?post=39105"}],"version-history":[{"count":3,"href":"https:\/\/holaamericanews.com\/es\/wp-json\/wp\/v2\/posts\/39105\/revisions"}],"predecessor-version":[{"id":39109,"href":"https:\/\/holaamericanews.com\/es\/wp-json\/wp\/v2\/posts\/39105\/revisions\/39109"}],"wp:featuredmedia":[{"embeddable":true,"href":"https:\/\/holaamericanews.com\/es\/wp-json\/wp\/v2\/media\/39106"}],"wp:attachment":[{"href":"https:\/\/holaamericanews.com\/es\/wp-json\/wp\/v2\/media?parent=39105"}],"wp:term":[{"taxonomy":"category","embeddable":true,"href":"https:\/\/holaamericanews.com\/es\/wp-json\/wp\/v2\/categories?post=39105"},{"taxonomy":"post_tag","embeddable":true,"href":"https:\/\/holaamericanews.com\/es\/wp-json\/wp\/v2\/tags?post=39105"}],"curies":[{"name":"wp","href":"https:\/\/api.w.org\/{rel}","templated":true}]}}