{"id":39090,"date":"2026-08-31T17:57:10","date_gmt":"2026-08-31T22:57:10","guid":{"rendered":"https:\/\/holaamericanews.com\/?p=39090"},"modified":"2026-08-31T17:57:50","modified_gmt":"2026-08-31T22:57:50","slug":"pritzker-says-he-wants-joslins-closed-tyson-plant-reopened","status":"publish","type":"post","link":"https:\/\/holaamericanews.com\/es\/pritzker-says-he-wants-joslins-closed-tyson-plant-reopened\/","title":{"rendered":"Pritzker dice que quiere que se reabra la planta cerrada de Tyson en Joslin"},"content":{"rendered":"<div id=\"holaa-651218385\" class=\"holaa-before-content holaa-entity-placement\" style=\"margin-top: 2px;margin-bottom: 2px;margin-left: auto;margin-right: auto;text-align: center;\"><div class=\"holaa-adlabel\">Advertisements<\/div><a data-no-instant=\"1\" href=\"https:\/\/www.eventbrite.com\/e\/1997586980432?aff=oddtdtcreator\" rel=\"noopener\" class=\"a2t-link\" target=\"_blank\" aria-label=\"4\"><img loading=\"lazy\" decoding=\"async\" src=\"https:\/\/holaamericanews.com\/wp-content\/uploads\/2026\/08\/4.png\" alt=\"\"  srcset=\"https:\/\/holaamericanews.com\/wp-content\/uploads\/2026\/08\/4.png 728w, https:\/\/holaamericanews.com\/wp-content\/uploads\/2026\/08\/4-300x37.png 300w, https:\/\/holaamericanews.com\/wp-content\/uploads\/2026\/08\/4-696x86.png 696w\" sizes=\"(max-width: 728px) 100vw, 728px\" width=\"728\" height=\"90\"  style=\"display: inline-block;\" \/><\/a><\/div><br style=\"clear: both; display: block; float: none;\"\/><h2>El gobernador de Illinois hizo el comentario durante una parada de campa\u00f1a en Rock Island el 29 de agosto, sin anunciar compromiso ni cronograma de la empresa.<\/h2>\n<p><strong>Por Hola America News<\/strong><\/p>\n<p>El gobernador JB Pritzker dijo el 29 de agosto que quiere que se reabra la planta cerrada de Tyson Foods en Joslin. Hizo el comentario durante una parada de campa\u00f1a en Local Union 25, en Rock Island, junto al senador estatal Mike Halpin y el representante estatal Gregg Johnson.<\/p><div id=\"holaa-13029434\" class=\"holaa-ad-inside-articles-2 holaa-entity-placement\" style=\"margin-top: 2px;margin-bottom: 2px;margin-left: auto;margin-right: auto;text-align: center;\"><div class=\"holaa-adlabel\">Advertisements<\/div><a data-no-instant=\"1\" href=\"https:\/\/www.cdc.gov\/lead-prevention\/communication-resources\/are-you-pregnant.html\" rel=\"noopener\" class=\"a2t-link\" target=\"_blank\" aria-label=\"Web Ad August #1\"><img loading=\"lazy\" decoding=\"async\" src=\"https:\/\/holaamericanews.com\/wp-content\/uploads\/2026\/07\/Web-Ad-August-1-scaled-e1785534331757.jpg\" alt=\"\"  width=\"600\" height=\"150\"  style=\"display: inline-block;\" \/><\/a><\/div><br style=\"clear: both; display: block; float: none;\"\/>\n<p>El cierre de la planta de Joslin dej\u00f3 sin empleo a cerca de 2,500 trabajadores sindicalizados. Pritzker no present\u00f3 un plan, cronograma ni fuente de financiamiento para una posible reapertura durante el evento.<\/p>\n<h2>El cierre de la planta de Joslin cost\u00f3 cerca de 2,500 empleos<\/h2>\n<p>Tyson cerr\u00f3 la planta de carne de res en Joslin a principios de este a\u00f1o, lo que termin\u00f3 con los empleos de aproximadamente 2,500 trabajadores sindicalizados en el \u00e1rea de Quad Cities. La empresa no ha anunciado planes para reabrir la instalaci\u00f3n.<\/p>\n<h2>Pritzker hizo el comentario en una parada de campa\u00f1a, no en un anuncio de pol\u00edtica p\u00fablica<\/h2>\n<p>La parada ocurri\u00f3 mientras Pritzker busca la reelecci\u00f3n este noviembre, en una revancha contra el republicano Darren Bailey. El candidato independiente Collin Corbett tambi\u00e9n aparece en la boleta. Ni Tyson ni su empresa matriz, JBS, se han pronunciado sobre los comentarios de Pritzker.<\/p>\n<p><strong>Relacionado:<\/strong> <a href=\"https:\/\/holaamericanews.com\/es\/tyson-closes-joslin-illinois-beef-plant-about-2500-union-jobs-affected\/\">Tyson closes Joslin Illinois beef plant, about 2,500 union jobs affected<\/a><\/p><div id=\"holaa-2522182137\" class=\"holaa-ad-inside-articles holaa-entity-placement\" style=\"margin-top: 2px;margin-bottom: 2px;margin-left: auto;margin-right: auto;text-align: center;\"><div class=\"holaa-adlabel\">Advertisements<\/div><a data-no-instant=\"1\" href=\"https:\/\/www.eventbrite.com\/e\/1997586980432?aff=oddtdtcreator\" rel=\"noopener\" class=\"a2t-link\" target=\"_blank\" aria-label=\"7\"><img loading=\"lazy\" decoding=\"async\" src=\"https:\/\/holaamericanews.com\/wp-content\/uploads\/2026\/08\/7.png\" alt=\"\"  srcset=\"https:\/\/holaamericanews.com\/wp-content\/uploads\/2026\/08\/7.png 250w, https:\/\/holaamericanews.com\/wp-content\/uploads\/2026\/08\/7-150x150.png 150w\" sizes=\"(max-width: 250px) 100vw, 250px\" width=\"250\" height=\"250\"  style=\"display: inline-block;\" \/><\/a><\/div><br style=\"clear: both; display: block; float: none;\"\/>\n<hr \/>\n<p><strong>Mantente al tanto de las historias que importan: visita <a href=\"https:\/\/holaamericanews.com\/\">HolaAmericaNews.com<\/a> para consultar las \u00faltimas noticias, cultura y actualizaciones de la comunidad.<\/strong><\/p>\n<div id=\"holaa-2785960264\" class=\"holaa-after-content holaa-entity-placement\" style=\"margin-top: 2px;margin-bottom: 2px;margin-left: auto;margin-right: auto;text-align: center;\"><div class=\"holaa-adlabel\">Advertisements<\/div><a data-no-instant=\"1\" href=\"https:\/\/www.dsmpartnership.com\/worldfoodandmusicfestival\/\" rel=\"noopener\" class=\"a2t-link\" target=\"_blank\" aria-label=\"WFMF_LeadupAds_071426_300x250\"><img loading=\"lazy\" decoding=\"async\" src=\"https:\/\/holaamericanews.com\/wp-content\/uploads\/2026\/07\/WFMF_LeadupAds_071426_300x250.jpg\" alt=\"\"  width=\"300\" height=\"250\"  style=\"display: inline-block;\" \/><\/a><\/div>","protected":false},"excerpt":{"rendered":"<p>El gobernador de Illinois hizo el comentario durante una parada de campa\u00f1a en Rock Island el 29 de agosto, sin anunciar compromiso ni cronograma de la empresa. Por Hola America [&hellip;]<\/p>\n","protected":false},"author":12,"featured_media":39092,"comment_status":"closed","ping_status":"closed","sticky":false,"template":"","format":"standard","meta":{"om_disable_all_campaigns":false,"_monsterinsights_skip_tracking":false,"_uf_show_specific_survey":0,"_uf_disable_surveys":false,"footnotes":""},"categories":[10,35],"tags":[19103],"translation":{"provider":"WPGlobus","version":"3.0.2","language":"es","enabled_languages":["en","es"],"languages":{"en":{"title":true,"content":true,"excerpt":false},"es":{"title":true,"content":true,"excerpt":false}}},"aioseo_notices":[],"aioseo_head":"\n\t\t<!-- All in One SEO 4.9.10 - aioseo.com -->\n\t<meta name=\"description\" content=\"Gov. Pritzker said Aug. 29 he wants Joslin&#039;s shuttered Tyson plant reopened, with no company plan or timeline announced yet.\" \/>\n\t<meta name=\"robots\" content=\"max-image-preview:large\" \/>\n\t<meta name=\"author\" content=\"Hola Iowa\"\/>\n\t<meta name=\"google-site-verification\" content=\"m7ei7MHIrIAJKgJCB-dhRHjidvMGDMt9VLZZUS8PfBM\" \/>\n\t<link rel=\"canonical\" href=\"https:\/\/holaamericanews.com\/es\/pritzker-says-he-wants-joslins-closed-tyson-plant-reopened\/\" \/>\n\t<meta name=\"generator\" content=\"All in One SEO (AIOSEO) 4.9.10\" \/>\n\t\t<meta property=\"og:locale\" content=\"es_ES\" \/>\n\t\t<meta property=\"og:site_name\" content=\"{:en}Hola America News{:}{:es}Hola America News{:}\" \/>\n\t\t<meta property=\"og:type\" content=\"article\" \/>\n\t\t<meta property=\"og:title\" content=\"Pritzker says he wants Joslin&#039;s closed Tyson plant reopened\" \/>\n\t\t<meta property=\"og:description\" content=\"Gov. Pritzker said Aug. 29 he wants Joslin&#039;s shuttered Tyson plant reopened, with no company plan or timeline announced yet.\" \/>\n\t\t<meta property=\"og:url\" content=\"https:\/\/holaamericanews.com\/es\/pritzker-says-he-wants-joslins-closed-tyson-plant-reopened\/\" \/>\n\t\t<meta property=\"og:image\" content=\"https:\/\/holaamericanews.com\/wp-content\/uploads\/2026\/08\/Governor_JB_Pritzker_official_portrait_2019_crop.jpg\" \/>\n\t\t<meta property=\"og:image:secure_url\" content=\"https:\/\/holaamericanews.com\/wp-content\/uploads\/2026\/08\/Governor_JB_Pritzker_official_portrait_2019_crop.jpg\" \/>\n\t\t<meta property=\"og:image:width\" content=\"692\" \/>\n\t\t<meta property=\"og:image:height\" content=\"900\" \/>\n\t\t<meta property=\"article:published_time\" content=\"2026-08-31T22:57:10+00:00\" \/>\n\t\t<meta property=\"article:modified_time\" content=\"2026-08-31T22:57:50+00:00\" \/>\n\t\t<meta property=\"article:publisher\" content=\"https:\/\/www.facebook.com\/HolaAmericaNews\" \/>\n\t\t<meta name=\"twitter:card\" content=\"summary\" \/>\n\t\t<meta name=\"twitter:site\" content=\"@HolaAmericaNews\" \/>\n\t\t<meta name=\"twitter:title\" content=\"Pritzker says he wants Joslin&#039;s closed Tyson plant reopened\" \/>\n\t\t<meta name=\"twitter:description\" content=\"Gov. Pritzker said Aug. 29 he wants Joslin&#039;s shuttered Tyson plant reopened, with no company plan or timeline announced yet.\" \/>\n\t\t<meta name=\"twitter:image\" content=\"https:\/\/holaamericanews.com\/wp-content\/uploads\/2026\/08\/Governor_JB_Pritzker_official_portrait_2019_crop.jpg\" \/>\n\t\t<script type=\"application\/ld+json\" class=\"aioseo-schema\">\n\t\t\t{\"@context\":\"https:\\\/\\\/schema.org\",\"@graph\":[{\"@type\":\"Article\",\"@id\":\"https:\\\/\\\/holaamericanews.com\\\/es\\\/pritzker-says-he-wants-joslins-closed-tyson-plant-reopened\\\/#article\",\"name\":\"Pritzker says he wants Joslin's closed Tyson plant reopened\",\"headline\":\"Pritzker dice que quiere que se reabra la planta cerrada de Tyson en Joslin\",\"author\":{\"@id\":\"https:\\\/\\\/holaamericanews.com\\\/es\\\/author\\\/hola-iowa\\\/#author\"},\"publisher\":{\"@id\":\"https:\\\/\\\/holaamericanews.com\\\/es\\\/#organization\"},\"image\":{\"@type\":\"ImageObject\",\"url\":\"https:\\\/\\\/holaamericanews.com\\\/wp-content\\\/uploads\\\/2026\\\/08\\\/Governor_JB_Pritzker_official_portrait_2019_crop.jpg\",\"width\":692,\"height\":900,\"caption\":\"Gov. JB Pritzker in an official portrait. He made comments about reopening the Joslin Tyson plant during an Aug. 29 campaign stop in Rock Island.\"},\"datePublished\":\"2026-08-31T17:57:10-05:00\",\"dateModified\":\"2026-08-31T17:57:50-05:00\",\"inLanguage\":\"es-ES\",\"mainEntityOfPage\":{\"@id\":\"https:\\\/\\\/holaamericanews.com\\\/es\\\/pritzker-says-he-wants-joslins-closed-tyson-plant-reopened\\\/#webpage\"},\"isPartOf\":{\"@id\":\"https:\\\/\\\/holaamericanews.com\\\/es\\\/pritzker-says-he-wants-joslins-closed-tyson-plant-reopened\\\/#webpage\"},\"articleSection\":\"Hola Illinois, Latest News, Joslin, Espa\\u00f1ol\"},{\"@type\":\"BreadcrumbList\",\"@id\":\"https:\\\/\\\/holaamericanews.com\\\/es\\\/pritzker-says-he-wants-joslins-closed-tyson-plant-reopened\\\/#breadcrumblist\",\"itemListElement\":[{\"@type\":\"ListItem\",\"@id\":\"https:\\\/\\\/holaamericanews.com\\\/es#listItem\",\"position\":1,\"name\":\"Home\",\"item\":\"https:\\\/\\\/holaamericanews.com\\\/es\",\"nextItem\":{\"@type\":\"ListItem\",\"@id\":\"https:\\\/\\\/holaamericanews.com\\\/es\\\/category\\\/latest-news\\\/#listItem\",\"name\":\"Latest News\"}},{\"@type\":\"ListItem\",\"@id\":\"https:\\\/\\\/holaamericanews.com\\\/es\\\/category\\\/latest-news\\\/#listItem\",\"position\":2,\"name\":\"Latest News\",\"item\":\"https:\\\/\\\/holaamericanews.com\\\/es\\\/category\\\/latest-news\\\/\",\"nextItem\":{\"@type\":\"ListItem\",\"@id\":\"https:\\\/\\\/holaamericanews.com\\\/es\\\/category\\\/latest-news\\\/hola-illinois\\\/#listItem\",\"name\":\"Hola Illinois\"},\"previousItem\":{\"@type\":\"ListItem\",\"@id\":\"https:\\\/\\\/holaamericanews.com\\\/es#listItem\",\"name\":\"Home\"}},{\"@type\":\"ListItem\",\"@id\":\"https:\\\/\\\/holaamericanews.com\\\/es\\\/category\\\/latest-news\\\/hola-illinois\\\/#listItem\",\"position\":3,\"name\":\"Hola Illinois\",\"item\":\"https:\\\/\\\/holaamericanews.com\\\/es\\\/category\\\/latest-news\\\/hola-illinois\\\/\",\"nextItem\":{\"@type\":\"ListItem\",\"@id\":\"https:\\\/\\\/holaamericanews.com\\\/es\\\/pritzker-says-he-wants-joslins-closed-tyson-plant-reopened\\\/#listItem\",\"name\":\"Pritzker dice que quiere que se reabra la planta cerrada de Tyson en Joslin\"},\"previousItem\":{\"@type\":\"ListItem\",\"@id\":\"https:\\\/\\\/holaamericanews.com\\\/es\\\/category\\\/latest-news\\\/#listItem\",\"name\":\"Latest News\"}},{\"@type\":\"ListItem\",\"@id\":\"https:\\\/\\\/holaamericanews.com\\\/es\\\/pritzker-says-he-wants-joslins-closed-tyson-plant-reopened\\\/#listItem\",\"position\":4,\"name\":\"Pritzker dice que quiere que se reabra la planta cerrada de Tyson en Joslin\",\"previousItem\":{\"@type\":\"ListItem\",\"@id\":\"https:\\\/\\\/holaamericanews.com\\\/es\\\/category\\\/latest-news\\\/hola-illinois\\\/#listItem\",\"name\":\"Hola Illinois\"}}]},{\"@type\":\"Organization\",\"@id\":\"https:\\\/\\\/holaamericanews.com\\\/es\\\/#organization\",\"name\":\"Hola America News\",\"description\":\"The Midwest's Latino News Source\",\"url\":\"https:\\\/\\\/holaamericanews.com\\\/es\\\/\",\"telephone\":\"+13097215693\",\"logo\":{\"@type\":\"ImageObject\",\"url\":\"https:\\\/\\\/holaamericanews.com\\\/wp-content\\\/uploads\\\/2023\\\/03\\\/HolaAmerica-News-web-logo.png\",\"@id\":\"https:\\\/\\\/holaamericanews.com\\\/es\\\/pritzker-says-he-wants-joslins-closed-tyson-plant-reopened\\\/#organizationLogo\",\"width\":1000,\"height\":800},\"image\":{\"@id\":\"https:\\\/\\\/holaamericanews.com\\\/es\\\/pritzker-says-he-wants-joslins-closed-tyson-plant-reopened\\\/#organizationLogo\"},\"sameAs\":[\"https:\\\/\\\/www.instagram.com\\\/holaamerica\"]},{\"@type\":\"Person\",\"@id\":\"https:\\\/\\\/holaamericanews.com\\\/es\\\/author\\\/hola-iowa\\\/#author\",\"url\":\"https:\\\/\\\/holaamericanews.com\\\/es\\\/author\\\/hola-iowa\\\/\",\"name\":\"Hola Iowa\",\"image\":{\"@type\":\"ImageObject\",\"@id\":\"https:\\\/\\\/holaamericanews.com\\\/es\\\/pritzker-says-he-wants-joslins-closed-tyson-plant-reopened\\\/#authorImage\",\"url\":\"https:\\\/\\\/secure.gravatar.com\\\/avatar\\\/78dea38389dec3a934b29c1aedff8ce6?s=96&d=mm&r=g\",\"width\":96,\"height\":96,\"caption\":\"Hola Iowa\"}},{\"@type\":\"WebPage\",\"@id\":\"https:\\\/\\\/holaamericanews.com\\\/es\\\/pritzker-says-he-wants-joslins-closed-tyson-plant-reopened\\\/#webpage\",\"url\":\"https:\\\/\\\/holaamericanews.com\\\/es\\\/pritzker-says-he-wants-joslins-closed-tyson-plant-reopened\\\/\",\"name\":\"Pritzker says he wants Joslin's closed Tyson plant reopened\",\"description\":\"Gov. Pritzker said Aug. 29 he wants Joslin's shuttered Tyson plant reopened, with no company plan or timeline announced yet.\",\"inLanguage\":\"es-ES\",\"isPartOf\":{\"@id\":\"https:\\\/\\\/holaamericanews.com\\\/es\\\/#website\"},\"breadcrumb\":{\"@id\":\"https:\\\/\\\/holaamericanews.com\\\/es\\\/pritzker-says-he-wants-joslins-closed-tyson-plant-reopened\\\/#breadcrumblist\"},\"author\":{\"@id\":\"https:\\\/\\\/holaamericanews.com\\\/es\\\/author\\\/hola-iowa\\\/#author\"},\"creator\":{\"@id\":\"https:\\\/\\\/holaamericanews.com\\\/es\\\/author\\\/hola-iowa\\\/#author\"},\"image\":{\"@type\":\"ImageObject\",\"url\":\"https:\\\/\\\/holaamericanews.com\\\/wp-content\\\/uploads\\\/2026\\\/08\\\/Governor_JB_Pritzker_official_portrait_2019_crop.jpg\",\"@id\":\"https:\\\/\\\/holaamericanews.com\\\/es\\\/pritzker-says-he-wants-joslins-closed-tyson-plant-reopened\\\/#mainImage\",\"width\":692,\"height\":900,\"caption\":\"Gov. JB Pritzker in an official portrait. He made comments about reopening the Joslin Tyson plant during an Aug. 29 campaign stop in Rock Island.\"},\"primaryImageOfPage\":{\"@id\":\"https:\\\/\\\/holaamericanews.com\\\/es\\\/pritzker-says-he-wants-joslins-closed-tyson-plant-reopened\\\/#mainImage\"},\"datePublished\":\"2026-08-31T17:57:10-05:00\",\"dateModified\":\"2026-08-31T17:57:50-05:00\"},{\"@type\":\"WebSite\",\"@id\":\"https:\\\/\\\/holaamericanews.com\\\/es\\\/#website\",\"url\":\"https:\\\/\\\/holaamericanews.com\\\/es\\\/\",\"name\":\"{:en}Hola America News{:}{:es}Hola America News{:}\",\"description\":\"The Midwest's Latino News Source\",\"inLanguage\":\"es-ES\",\"publisher\":{\"@id\":\"https:\\\/\\\/holaamericanews.com\\\/es\\\/#organization\"}}]}\n\t\t<\/script>\n\t\t<!-- All in One SEO -->\n\n","aioseo_head_json":{"title":"Pritzker says he wants Joslin's closed Tyson plant reopened","description":"Gov. Pritzker said Aug. 29 he wants Joslin's shuttered Tyson plant reopened, with no company plan or timeline announced yet.","canonical_url":"https:\/\/holaamericanews.com\/es\/pritzker-says-he-wants-joslins-closed-tyson-plant-reopened\/","robots":"max-image-preview:large","keywords":"","webmasterTools":{"google-site-verification":"m7ei7MHIrIAJKgJCB-dhRHjidvMGDMt9VLZZUS8PfBM","miscellaneous":""},"schema":{"@context":"https:\/\/schema.org","@graph":[{"@type":"Article","@id":"https:\/\/holaamericanews.com\/es\/pritzker-says-he-wants-joslins-closed-tyson-plant-reopened\/#article","name":"Pritzker says he wants Joslin's closed Tyson plant reopened","headline":"Pritzker dice que quiere que se reabra la planta cerrada de Tyson en Joslin","author":{"@id":"https:\/\/holaamericanews.com\/es\/author\/hola-iowa\/#author"},"publisher":{"@id":"https:\/\/holaamericanews.com\/es\/#organization"},"image":{"@type":"ImageObject","url":"https:\/\/holaamericanews.com\/wp-content\/uploads\/2026\/08\/Governor_JB_Pritzker_official_portrait_2019_crop.jpg","width":692,"height":900,"caption":"Gov. JB Pritzker in an official portrait. He made comments about reopening the Joslin Tyson plant during an Aug. 29 campaign stop in Rock Island."},"datePublished":"2026-08-31T17:57:10-05:00","dateModified":"2026-08-31T17:57:50-05:00","inLanguage":"es-ES","mainEntityOfPage":{"@id":"https:\/\/holaamericanews.com\/es\/pritzker-says-he-wants-joslins-closed-tyson-plant-reopened\/#webpage"},"isPartOf":{"@id":"https:\/\/holaamericanews.com\/es\/pritzker-says-he-wants-joslins-closed-tyson-plant-reopened\/#webpage"},"articleSection":"Hola Illinois, Latest News, Joslin, Espa\u00f1ol"},{"@type":"BreadcrumbList","@id":"https:\/\/holaamericanews.com\/es\/pritzker-says-he-wants-joslins-closed-tyson-plant-reopened\/#breadcrumblist","itemListElement":[{"@type":"ListItem","@id":"https:\/\/holaamericanews.com\/es#listItem","position":1,"name":"Home","item":"https:\/\/holaamericanews.com\/es","nextItem":{"@type":"ListItem","@id":"https:\/\/holaamericanews.com\/es\/category\/latest-news\/#listItem","name":"Latest News"}},{"@type":"ListItem","@id":"https:\/\/holaamericanews.com\/es\/category\/latest-news\/#listItem","position":2,"name":"Latest News","item":"https:\/\/holaamericanews.com\/es\/category\/latest-news\/","nextItem":{"@type":"ListItem","@id":"https:\/\/holaamericanews.com\/es\/category\/latest-news\/hola-illinois\/#listItem","name":"Hola Illinois"},"previousItem":{"@type":"ListItem","@id":"https:\/\/holaamericanews.com\/es#listItem","name":"Home"}},{"@type":"ListItem","@id":"https:\/\/holaamericanews.com\/es\/category\/latest-news\/hola-illinois\/#listItem","position":3,"name":"Hola Illinois","item":"https:\/\/holaamericanews.com\/es\/category\/latest-news\/hola-illinois\/","nextItem":{"@type":"ListItem","@id":"https:\/\/holaamericanews.com\/es\/pritzker-says-he-wants-joslins-closed-tyson-plant-reopened\/#listItem","name":"Pritzker dice que quiere que se reabra la planta cerrada de Tyson en Joslin"},"previousItem":{"@type":"ListItem","@id":"https:\/\/holaamericanews.com\/es\/category\/latest-news\/#listItem","name":"Latest News"}},{"@type":"ListItem","@id":"https:\/\/holaamericanews.com\/es\/pritzker-says-he-wants-joslins-closed-tyson-plant-reopened\/#listItem","position":4,"name":"Pritzker dice que quiere que se reabra la planta cerrada de Tyson en Joslin","previousItem":{"@type":"ListItem","@id":"https:\/\/holaamericanews.com\/es\/category\/latest-news\/hola-illinois\/#listItem","name":"Hola Illinois"}}]},{"@type":"Organization","@id":"https:\/\/holaamericanews.com\/es\/#organization","name":"Hola America News","description":"The Midwest's Latino News Source","url":"https:\/\/holaamericanews.com\/es\/","telephone":"+13097215693","logo":{"@type":"ImageObject","url":"https:\/\/holaamericanews.com\/wp-content\/uploads\/2023\/03\/HolaAmerica-News-web-logo.png","@id":"https:\/\/holaamericanews.com\/es\/pritzker-says-he-wants-joslins-closed-tyson-plant-reopened\/#organizationLogo","width":1000,"height":800},"image":{"@id":"https:\/\/holaamericanews.com\/es\/pritzker-says-he-wants-joslins-closed-tyson-plant-reopened\/#organizationLogo"},"sameAs":["https:\/\/www.instagram.com\/holaamerica"]},{"@type":"Person","@id":"https:\/\/holaamericanews.com\/es\/author\/hola-iowa\/#author","url":"https:\/\/holaamericanews.com\/es\/author\/hola-iowa\/","name":"Hola Iowa","image":{"@type":"ImageObject","@id":"https:\/\/holaamericanews.com\/es\/pritzker-says-he-wants-joslins-closed-tyson-plant-reopened\/#authorImage","url":"https:\/\/secure.gravatar.com\/avatar\/78dea38389dec3a934b29c1aedff8ce6?s=96&d=mm&r=g","width":96,"height":96,"caption":"Hola Iowa"}},{"@type":"WebPage","@id":"https:\/\/holaamericanews.com\/es\/pritzker-says-he-wants-joslins-closed-tyson-plant-reopened\/#webpage","url":"https:\/\/holaamericanews.com\/es\/pritzker-says-he-wants-joslins-closed-tyson-plant-reopened\/","name":"Pritzker says he wants Joslin's closed Tyson plant reopened","description":"Gov. Pritzker said Aug. 29 he wants Joslin's shuttered Tyson plant reopened, with no company plan or timeline announced yet.","inLanguage":"es-ES","isPartOf":{"@id":"https:\/\/holaamericanews.com\/es\/#website"},"breadcrumb":{"@id":"https:\/\/holaamericanews.com\/es\/pritzker-says-he-wants-joslins-closed-tyson-plant-reopened\/#breadcrumblist"},"author":{"@id":"https:\/\/holaamericanews.com\/es\/author\/hola-iowa\/#author"},"creator":{"@id":"https:\/\/holaamericanews.com\/es\/author\/hola-iowa\/#author"},"image":{"@type":"ImageObject","url":"https:\/\/holaamericanews.com\/wp-content\/uploads\/2026\/08\/Governor_JB_Pritzker_official_portrait_2019_crop.jpg","@id":"https:\/\/holaamericanews.com\/es\/pritzker-says-he-wants-joslins-closed-tyson-plant-reopened\/#mainImage","width":692,"height":900,"caption":"Gov. JB Pritzker in an official portrait. He made comments about reopening the Joslin Tyson plant during an Aug. 29 campaign stop in Rock Island."},"primaryImageOfPage":{"@id":"https:\/\/holaamericanews.com\/es\/pritzker-says-he-wants-joslins-closed-tyson-plant-reopened\/#mainImage"},"datePublished":"2026-08-31T17:57:10-05:00","dateModified":"2026-08-31T17:57:50-05:00"},{"@type":"WebSite","@id":"https:\/\/holaamericanews.com\/es\/#website","url":"https:\/\/holaamericanews.com\/es\/","name":"{:en}Hola America News{:}{:es}Hola America News{:}","description":"The Midwest's Latino News Source","inLanguage":"es-ES","publisher":{"@id":"https:\/\/holaamericanews.com\/es\/#organization"}}]},"og:locale":"es_ES","og:site_name":"{:en}Hola America News{:}{:es}Hola America News{:}","og:type":"article","og:title":"Pritzker says he wants Joslin's closed Tyson plant reopened","og:description":"Gov. Pritzker said Aug. 29 he wants Joslin's shuttered Tyson plant reopened, with no company plan or timeline announced yet.","og:url":"https:\/\/holaamericanews.com\/es\/pritzker-says-he-wants-joslins-closed-tyson-plant-reopened\/","og:image":"https:\/\/holaamericanews.com\/wp-content\/uploads\/2026\/08\/Governor_JB_Pritzker_official_portrait_2019_crop.jpg","og:image:secure_url":"https:\/\/holaamericanews.com\/wp-content\/uploads\/2026\/08\/Governor_JB_Pritzker_official_portrait_2019_crop.jpg","og:image:width":692,"og:image:height":900,"article:published_time":"2026-08-31T22:57:10+00:00","article:modified_time":"2026-08-31T22:57:50+00:00","article:publisher":"https:\/\/www.facebook.com\/HolaAmericaNews","twitter:card":"summary","twitter:site":"@HolaAmericaNews","twitter:title":"Pritzker says he wants Joslin's closed Tyson plant reopened","twitter:description":"Gov. Pritzker said Aug. 29 he wants Joslin's shuttered Tyson plant reopened, with no company plan or timeline announced yet.","twitter:image":"https:\/\/holaamericanews.com\/wp-content\/uploads\/2026\/08\/Governor_JB_Pritzker_official_portrait_2019_crop.jpg"},"aioseo_meta_data":{"post_id":"39090","title":"Pritzker says he wants Joslin's closed Tyson plant reopened","description":"Gov. Pritzker said Aug. 29 he wants Joslin's shuttered Tyson plant reopened, with no company plan or timeline announced yet.","keywords":null,"keyphrases":{"focus":{"keyphrase":"","score":0,"analysis":{"keyphraseInTitle":{"score":0,"maxScore":9,"error":1}}},"additional":[]},"primary_term":null,"canonical_url":null,"og_title":null,"og_description":null,"og_object_type":"default","og_image_type":"default","og_image_url":null,"og_image_width":null,"og_image_height":null,"og_image_custom_url":null,"og_image_custom_fields":null,"og_video":"","og_custom_url":null,"og_article_section":null,"og_article_tags":null,"twitter_use_og":false,"twitter_card":"default","twitter_image_type":"default","twitter_image_url":null,"twitter_image_custom_url":null,"twitter_image_custom_fields":null,"twitter_title":null,"twitter_description":null,"schema":{"blockGraphs":[],"customGraphs":[],"default":{"data":{"Article":[],"Course":[],"Dataset":[],"FAQPage":[],"Movie":[],"Person":[],"Product":[],"ProductReview":[],"Car":[],"Recipe":[],"Service":[],"SoftwareApplication":[],"WebPage":[]},"graphName":"Article","isEnabled":true},"graphs":[]},"schema_type":"default","schema_type_options":null,"pillar_content":false,"robots_default":true,"robots_noindex":false,"robots_noarchive":false,"robots_nosnippet":false,"robots_nofollow":false,"robots_noimageindex":false,"robots_noodp":false,"robots_notranslate":false,"robots_max_snippet":"-1","robots_max_videopreview":"-1","robots_max_imagepreview":"large","priority":null,"frequency":"default","local_seo":null,"breadcrumb_settings":null,"limit_modified_date":false,"ai":{"faqs":[],"keyPoints":[],"schemas":[],"titles":[],"descriptions":[],"socialPosts":{"email":{"subject":"","preview":"","content":""},"linkedin":[],"twitter":[],"facebook":[],"instagram":[]}},"created":"2026-08-31 22:49:32","updated":"2026-08-31 22:58:13","seo_analyzer_scan_date":null},"aioseo_breadcrumb":"<div class=\"aioseo-breadcrumbs\"><span class=\"aioseo-breadcrumb\">\n\t\t\t<a href=\"https:\/\/holaamericanews.com\/es\" title=\"Home\">Home<\/a>\n\t\t<\/span><span class=\"aioseo-breadcrumb-separator\">&raquo;<\/span><span class=\"aioseo-breadcrumb\">\n\t\t\t<a href=\"https:\/\/holaamericanews.com\/es\/category\/latest-news\/\" title=\"Latest News\">Latest News<\/a>\n\t\t<\/span><span class=\"aioseo-breadcrumb-separator\">&raquo;<\/span><span class=\"aioseo-breadcrumb\">\n\t\t\t<a href=\"https:\/\/holaamericanews.com\/es\/category\/latest-news\/hola-illinois\/\" title=\"Hola Illinois\">Hola Illinois<\/a>\n\t\t<\/span><span class=\"aioseo-breadcrumb-separator\">&raquo;<\/span><span class=\"aioseo-breadcrumb\">\n\t\t\tPritzker dice que quiere que se reabra la planta cerrada de Tyson en Joslin\n\t\t<\/span><\/div>","aioseo_breadcrumb_json":[{"label":"Home","link":"https:\/\/holaamericanews.com\/es"},{"label":"Latest News","link":"https:\/\/holaamericanews.com\/es\/category\/latest-news\/"},{"label":"Hola Illinois","link":"https:\/\/holaamericanews.com\/es\/category\/latest-news\/hola-illinois\/"},{"label":"Pritzker dice que quiere que se reabra la planta cerrada de Tyson en Joslin","link":"https:\/\/holaamericanews.com\/es\/pritzker-says-he-wants-joslins-closed-tyson-plant-reopened\/"}],"_links":{"self":[{"href":"https:\/\/holaamericanews.com\/es\/wp-json\/wp\/v2\/posts\/39090"}],"collection":[{"href":"https:\/\/holaamericanews.com\/es\/wp-json\/wp\/v2\/posts"}],"about":[{"href":"https:\/\/holaamericanews.com\/es\/wp-json\/wp\/v2\/types\/post"}],"author":[{"embeddable":true,"href":"https:\/\/holaamericanews.com\/es\/wp-json\/wp\/v2\/users\/12"}],"replies":[{"embeddable":true,"href":"https:\/\/holaamericanews.com\/es\/wp-json\/wp\/v2\/comments?post=39090"}],"version-history":[{"count":3,"href":"https:\/\/holaamericanews.com\/es\/wp-json\/wp\/v2\/posts\/39090\/revisions"}],"predecessor-version":[{"id":39094,"href":"https:\/\/holaamericanews.com\/es\/wp-json\/wp\/v2\/posts\/39090\/revisions\/39094"}],"wp:featuredmedia":[{"embeddable":true,"href":"https:\/\/holaamericanews.com\/es\/wp-json\/wp\/v2\/media\/39092"}],"wp:attachment":[{"href":"https:\/\/holaamericanews.com\/es\/wp-json\/wp\/v2\/media?parent=39090"}],"wp:term":[{"taxonomy":"category","embeddable":true,"href":"https:\/\/holaamericanews.com\/es\/wp-json\/wp\/v2\/categories?post=39090"},{"taxonomy":"post_tag","embeddable":true,"href":"https:\/\/holaamericanews.com\/es\/wp-json\/wp\/v2\/tags?post=39090"}],"curies":[{"name":"wp","href":"https:\/\/api.w.org\/{rel}","templated":true}]}}