{"id":38698,"date":"2026-09-04T07:15:41","date_gmt":"2026-09-04T12:15:41","guid":{"rendered":"https:\/\/holaamericanews.com\/?p=38698"},"modified":"2026-08-08T19:29:51","modified_gmt":"2026-08-09T00:29:51","slug":"free-soul-of-the-city-festival-returns-to-rock-island-sept-5","status":"publish","type":"post","link":"https:\/\/holaamericanews.com\/es\/free-soul-of-the-city-festival-returns-to-rock-island-sept-5\/","title":{"rendered":"Festival gratuito Soul of the City regresa a Rock Island el 5 de septiembre"},"content":{"rendered":"<div id=\"holaa-1717182933\" class=\"holaa-before-content holaa-entity-placement\" style=\"margin-top: 2px;margin-bottom: 2px;margin-left: auto;margin-right: auto;text-align: center;\"><div class=\"holaa-adlabel\">Advertisements<\/div><a data-no-instant=\"1\" href=\"https:\/\/www.eventbrite.com\/e\/1997586980432?aff=oddtdtcreator\" rel=\"noopener\" class=\"a2t-link\" target=\"_blank\" aria-label=\"4\"><img loading=\"lazy\" decoding=\"async\" src=\"https:\/\/holaamericanews.com\/wp-content\/uploads\/2026\/08\/4.png\" alt=\"\"  srcset=\"https:\/\/holaamericanews.com\/wp-content\/uploads\/2026\/08\/4.png 728w, https:\/\/holaamericanews.com\/wp-content\/uploads\/2026\/08\/4-300x37.png 300w, https:\/\/holaamericanews.com\/wp-content\/uploads\/2026\/08\/4-696x86.png 696w\" sizes=\"(max-width: 728px) 100vw, 728px\" width=\"728\" height=\"90\"  style=\"display: inline-block;\" \/><\/a><\/div><br style=\"clear: both; display: block; float: none;\"\/><h2>La celebraci\u00f3n se realizar\u00e1 de 10 a.m. a 6 p.m. en Franklin Field y comenzar\u00e1 con un desfile desde Frances Willard Elementary School.<\/h2>\n<p><strong>Por Hola America News<\/strong><\/p>\n<p>Soul of the City regresar\u00e1 a Rock Island el s\u00e1bado 5 de septiembre con m\u00fasica en vivo, puestos de comida, actividades familiares y un desfile comunitario.<\/p><div id=\"holaa-2848950514\" class=\"holaa-ad-inside-articles-2 holaa-entity-placement\" style=\"margin-top: 2px;margin-bottom: 2px;margin-left: auto;margin-right: auto;text-align: center;\"><div class=\"holaa-adlabel\">Advertisements<\/div><a data-no-instant=\"1\" href=\"https:\/\/polkcountyiowatreasurerappt.cxmflow.com\/GetByKey\/2d69a141-8267-4d11-ab32-87c99081420b\/PCIAPPT\/Book\" rel=\"noopener\" class=\"a2t-link\" target=\"_blank\" aria-label=\"WEB AD #1\"><img loading=\"lazy\" decoding=\"async\" src=\"https:\/\/holaamericanews.com\/wp-content\/uploads\/2026\/09\/WEB-AD-1.png\" alt=\"\"  width=\"300\" height=\"250\"  style=\"display: inline-block;\" \/><\/a><\/div><br style=\"clear: both; display: block; float: none;\"\/>\n<p>El festival gratuito se realizar\u00e1 de 10 a.m. a 6 p.m. en Franklin Field, ubicado en 1251 9th St. La celebraci\u00f3n estar\u00e1 abierta al p\u00fablico.<\/p>\n<p>Casi 5,000 personas asistieron en 2025, una convocatoria que coloc\u00f3 a Soul of the City entre las celebraciones comunitarias m\u00e1s grandes de Rock Island.<\/p>\n<h2>El desfile de Soul of the City comenzar\u00e1 a las 10 a.m.<\/h2>\n<p>La jornada comenzar\u00e1 con un desfile desde Frances Willard Elementary School, cerca de la intersecci\u00f3n de 25th Avenue y 9th Street.<\/p>\n<p>Los participantes avanzar\u00e1n hacia el norte por 9th Street. El recorrido terminar\u00e1 en Franklin Field, donde continuar\u00e1 el resto del festival.<\/p><div id=\"holaa-2194014524\" class=\"holaa-ad-inside-articles holaa-entity-placement\" style=\"margin-top: 2px;margin-bottom: 2px;margin-left: auto;margin-right: auto;text-align: center;\"><div class=\"holaa-adlabel\">Advertisements<\/div><a data-no-instant=\"1\" href=\"https:\/\/www.eventbrite.com\/e\/1997586980432?aff=oddtdtcreator\" rel=\"noopener\" class=\"a2t-link\" target=\"_blank\" aria-label=\"7\"><img loading=\"lazy\" decoding=\"async\" src=\"https:\/\/holaamericanews.com\/wp-content\/uploads\/2026\/08\/7.png\" alt=\"\"  srcset=\"https:\/\/holaamericanews.com\/wp-content\/uploads\/2026\/08\/7.png 250w, https:\/\/holaamericanews.com\/wp-content\/uploads\/2026\/08\/7-150x150.png 150w\" sizes=\"(max-width: 250px) 100vw, 250px\" width=\"250\" height=\"250\"  style=\"display: inline-block;\" \/><\/a><\/div><br style=\"clear: both; display: block; float: none;\"\/>\n<p>Funktastic 5 regresar\u00e1 como parte del programa musical. El festival tambi\u00e9n tendr\u00e1 puestos de comida y comerciantes, m\u00f3dulos con recursos comunitarios y actividades para ni\u00f1os y familias.<\/p>\n<p>El Martin Luther King Center organiza Soul of the City como una fiesta comunitaria al aire libre dedicada a las culturas, los vecindarios y las familias de Rock Island.<\/p><div id=\"holaa-2518211824\" class=\"holaa-content holaa-entity-placement\" style=\"margin-top: 2px;margin-bottom: 2px;margin-left: auto;margin-right: auto;text-align: center;\"><div class=\"holaa-adlabel\">Advertisements<\/div><a data-no-instant=\"1\" href=\"http:\/\/www.cleanupiowa.org\" rel=\"noopener\" class=\"a2t-link\" target=\"_blank\" aria-label=\"CIB26001_CLR_DIGITAL_SPAN_V5 (1)-page-001\"><img loading=\"lazy\" decoding=\"async\" src=\"https:\/\/holaamericanews.com\/wp-content\/uploads\/2026\/08\/CIB26001_CLR_DIGITAL_SPAN_V5-1-page-001.jpg\" alt=\"\"  width=\"300\" height=\"250\"  style=\"display: inline-block;\" \/><\/a><\/div>\n<p>Las actualizaciones del evento estar\u00e1n disponibles en la <a href=\"https:\/\/www.mlkcenter.org\/events\/soul-of-the-city\" target=\"_blank\" rel=\"noopener noreferrer\">p\u00e1gina de Soul of the City del Martin Luther King Center<\/a>. Para m\u00e1s informaci\u00f3n, el centro atiende en el (309) 732-2999 y en <a href=\"mailto:mlkmail@rigov.org\">mlkmail@rigov.org<\/a>.<\/p>\n<p><strong>Relacionado: <a href=\"https:\/\/holaamericanews.com\/fiestas-parades-and-heritage-events-you-wont-want-to-miss\/\">Mes de la Herencia Hispana 2026: eventos en Iowa, Nebraska y Quad Cities<\/a><\/strong><\/p><div id=\"holaa-1774077190\" class=\"holaa-content_2 holaa-entity-placement\" style=\"margin-top: 2px;margin-bottom: 2px;margin-left: auto;margin-right: auto;text-align: center;\"><div class=\"holaa-adlabel\">Advertisements<\/div><a data-no-instant=\"1\" href=\"https:\/\/www.desmoinesperformingarts.org\/whats-on\/series\/family-series?utm_source=HolaIowa&#038;utm_medium=Digital&#038;utm_campaign=SeptSeries\" rel=\"noopener\" class=\"a2t-link\" target=\"_blank\" aria-label=\"2627Family-300&#215;250\"><img loading=\"lazy\" decoding=\"async\" src=\"https:\/\/holaamericanews.com\/wp-content\/uploads\/2026\/09\/2627Family-300x250-1.jpg\" alt=\"\"  width=\"300\" height=\"250\"  style=\"display: inline-block;\" \/><\/a><\/div>\n<hr \/>\n<p><strong>Mantente al d\u00eda con las historias de tu comunidad. Visita <a href=\"https:\/\/holaamericanews.com\/\">HolaAmericaNews.com<\/a> para encontrar noticias, eventos culturales y actualizaciones locales.<\/strong><\/p>\n<div id=\"holaa-2778791739\" class=\"holaa-after-content holaa-entity-placement\" style=\"margin-top: 2px;margin-bottom: 2px;margin-left: auto;margin-right: auto;text-align: center;\"><div class=\"holaa-adlabel\">Advertisements<\/div><a data-no-instant=\"1\" href=\"https:\/\/www.desmoinesperformingarts.org\/whats-on\/series\/family-series?utm_source=HolaIowa&#038;utm_medium=Digital&#038;utm_campaign=SeptSeries\" rel=\"noopener\" class=\"a2t-link\" target=\"_blank\" aria-label=\"2627Family-728&#215;90\"><img loading=\"lazy\" decoding=\"async\" src=\"https:\/\/holaamericanews.com\/wp-content\/uploads\/2026\/09\/2627Family-728x90-1.jpg\" alt=\"\"  srcset=\"https:\/\/holaamericanews.com\/wp-content\/uploads\/2026\/09\/2627Family-728x90-1.jpg 728w, https:\/\/holaamericanews.com\/wp-content\/uploads\/2026\/09\/2627Family-728x90-1-300x37.jpg 300w, https:\/\/holaamericanews.com\/wp-content\/uploads\/2026\/09\/2627Family-728x90-1-696x86.jpg 696w\" sizes=\"(max-width: 728px) 100vw, 728px\" width=\"728\" height=\"90\"  style=\"display: inline-block;\" \/><\/a><\/div>","protected":false},"excerpt":{"rendered":"<p>La celebraci\u00f3n se realizar\u00e1 de 10 a.m. a 6 p.m. en Franklin Field y comenzar\u00e1 con un desfile desde Frances Willard Elementary School. Por Hola America News Soul of the [&hellip;]<\/p>\n","protected":false},"author":3,"featured_media":38700,"comment_status":"closed","ping_status":"closed","sticky":false,"template":"","format":"standard","meta":{"om_disable_all_campaigns":false,"_monsterinsights_skip_tracking":false,"_uf_show_specific_survey":0,"_uf_disable_surveys":false,"footnotes":""},"categories":[11,35],"tags":[18703,18693,18699,18697,18695,11605,104,18701,18689,18691],"translation":{"provider":"WPGlobus","version":"3.0.2","language":"es","enabled_languages":["en","es"],"languages":{"en":{"title":true,"content":true,"excerpt":false},"es":{"title":true,"content":true,"excerpt":false}}},"aioseo_notices":[],"aioseo_head":"\n\t\t<!-- All in One SEO 4.9.10 - aioseo.com -->\n\t<meta name=\"description\" content=\"Soul of the City runs from 10 a.m. to 6 p.m. Sept. 5 at Franklin Field in Rock Island, with a parade, live music and family activities.\" \/>\n\t<meta name=\"robots\" content=\"max-image-preview:large\" \/>\n\t<meta name=\"author\" content=\"Hola America News\"\/>\n\t<meta name=\"google-site-verification\" content=\"m7ei7MHIrIAJKgJCB-dhRHjidvMGDMt9VLZZUS8PfBM\" \/>\n\t<link rel=\"canonical\" href=\"https:\/\/holaamericanews.com\/es\/free-soul-of-the-city-festival-returns-to-rock-island-sept-5\/\" \/>\n\t<meta name=\"generator\" content=\"All in One SEO (AIOSEO) 4.9.10\" \/>\n\t\t<meta property=\"og:locale\" content=\"es_ES\" \/>\n\t\t<meta property=\"og:site_name\" content=\"{:en}Hola America News{:}{:es}Hola America News{:}\" \/>\n\t\t<meta property=\"og:type\" content=\"article\" \/>\n\t\t<meta property=\"og:title\" content=\"Soul of the City 2026: Free Rock Island festival\" \/>\n\t\t<meta property=\"og:description\" content=\"Soul of the City runs from 10 a.m. to 6 p.m. Sept. 5 at Franklin Field in Rock Island, with a parade, live music and family activities.\" \/>\n\t\t<meta property=\"og:url\" content=\"https:\/\/holaamericanews.com\/es\/free-soul-of-the-city-festival-returns-to-rock-island-sept-5\/\" \/>\n\t\t<meta property=\"og:image\" content=\"https:\/\/holaamericanews.com\/wp-content\/uploads\/2026\/08\/Graphicforwebsiteevent.webp\" \/>\n\t\t<meta property=\"og:image:secure_url\" content=\"https:\/\/holaamericanews.com\/wp-content\/uploads\/2026\/08\/Graphicforwebsiteevent.webp\" \/>\n\t\t<meta property=\"og:image:width\" content=\"1080\" \/>\n\t\t<meta property=\"og:image:height\" content=\"1080\" \/>\n\t\t<meta property=\"article:published_time\" content=\"2026-09-04T12:15:41+00:00\" \/>\n\t\t<meta property=\"article:modified_time\" content=\"2026-08-09T00:29:51+00:00\" \/>\n\t\t<meta property=\"article:publisher\" content=\"https:\/\/www.facebook.com\/HolaAmericaNews\" \/>\n\t\t<meta name=\"twitter:card\" content=\"summary\" \/>\n\t\t<meta name=\"twitter:site\" content=\"@HolaAmericaNews\" \/>\n\t\t<meta name=\"twitter:title\" content=\"Soul of the City 2026: Free Rock Island festival\" \/>\n\t\t<meta name=\"twitter:description\" content=\"Soul of the City runs from 10 a.m. to 6 p.m. Sept. 5 at Franklin Field in Rock Island, with a parade, live music and family activities.\" \/>\n\t\t<meta name=\"twitter:image\" content=\"https:\/\/holaamericanews.com\/wp-content\/uploads\/2026\/08\/Graphicforwebsiteevent.webp\" \/>\n\t\t<script type=\"application\/ld+json\" class=\"aioseo-schema\">\n\t\t\t{\"@context\":\"https:\\\/\\\/schema.org\",\"@graph\":[{\"@type\":\"Article\",\"@id\":\"https:\\\/\\\/holaamericanews.com\\\/es\\\/free-soul-of-the-city-festival-returns-to-rock-island-sept-5\\\/#article\",\"name\":\"Soul of the City 2026: Free Rock Island festival\",\"headline\":\"Festival gratuito Soul of the City regresa a Rock Island el 5 de septiembre\",\"author\":{\"@id\":\"https:\\\/\\\/holaamericanews.com\\\/es\\\/author\\\/hola-america-news\\\/#author\"},\"publisher\":{\"@id\":\"https:\\\/\\\/holaamericanews.com\\\/es\\\/#organization\"},\"image\":{\"@type\":\"ImageObject\",\"url\":\"https:\\\/\\\/holaamericanews.com\\\/wp-content\\\/uploads\\\/2026\\\/08\\\/Graphicforwebsiteevent.webp\",\"width\":1080,\"height\":1080},\"datePublished\":\"2026-09-04T07:15:41-05:00\",\"dateModified\":\"2026-08-08T19:29:51-05:00\",\"inLanguage\":\"es-ES\",\"mainEntityOfPage\":{\"@id\":\"https:\\\/\\\/holaamericanews.com\\\/es\\\/free-soul-of-the-city-festival-returns-to-rock-island-sept-5\\\/#webpage\"},\"isPartOf\":{\"@id\":\"https:\\\/\\\/holaamericanews.com\\\/es\\\/free-soul-of-the-city-festival-returns-to-rock-island-sept-5\\\/#webpage\"},\"articleSection\":\"Hola Iowa, Latest News, community festivals, Franklin Field, free family events, Illinois festivals, Martin Luther King Center, Quad Cities events, Rock Island, Rock Island events, Soul of the City, Soul of the City 2026, Espa\\u00f1ol\"},{\"@type\":\"BreadcrumbList\",\"@id\":\"https:\\\/\\\/holaamericanews.com\\\/es\\\/free-soul-of-the-city-festival-returns-to-rock-island-sept-5\\\/#breadcrumblist\",\"itemListElement\":[{\"@type\":\"ListItem\",\"@id\":\"https:\\\/\\\/holaamericanews.com\\\/es#listItem\",\"position\":1,\"name\":\"Home\",\"item\":\"https:\\\/\\\/holaamericanews.com\\\/es\",\"nextItem\":{\"@type\":\"ListItem\",\"@id\":\"https:\\\/\\\/holaamericanews.com\\\/es\\\/category\\\/latest-news\\\/#listItem\",\"name\":\"Latest News\"}},{\"@type\":\"ListItem\",\"@id\":\"https:\\\/\\\/holaamericanews.com\\\/es\\\/category\\\/latest-news\\\/#listItem\",\"position\":2,\"name\":\"Latest News\",\"item\":\"https:\\\/\\\/holaamericanews.com\\\/es\\\/category\\\/latest-news\\\/\",\"nextItem\":{\"@type\":\"ListItem\",\"@id\":\"https:\\\/\\\/holaamericanews.com\\\/es\\\/category\\\/latest-news\\\/hola-iowa\\\/#listItem\",\"name\":\"Hola Iowa\"},\"previousItem\":{\"@type\":\"ListItem\",\"@id\":\"https:\\\/\\\/holaamericanews.com\\\/es#listItem\",\"name\":\"Home\"}},{\"@type\":\"ListItem\",\"@id\":\"https:\\\/\\\/holaamericanews.com\\\/es\\\/category\\\/latest-news\\\/hola-iowa\\\/#listItem\",\"position\":3,\"name\":\"Hola Iowa\",\"item\":\"https:\\\/\\\/holaamericanews.com\\\/es\\\/category\\\/latest-news\\\/hola-iowa\\\/\",\"nextItem\":{\"@type\":\"ListItem\",\"@id\":\"https:\\\/\\\/holaamericanews.com\\\/es\\\/free-soul-of-the-city-festival-returns-to-rock-island-sept-5\\\/#listItem\",\"name\":\"Festival gratuito Soul of the City regresa a Rock Island el 5 de septiembre\"},\"previousItem\":{\"@type\":\"ListItem\",\"@id\":\"https:\\\/\\\/holaamericanews.com\\\/es\\\/category\\\/latest-news\\\/#listItem\",\"name\":\"Latest News\"}},{\"@type\":\"ListItem\",\"@id\":\"https:\\\/\\\/holaamericanews.com\\\/es\\\/free-soul-of-the-city-festival-returns-to-rock-island-sept-5\\\/#listItem\",\"position\":4,\"name\":\"Festival gratuito Soul of the City regresa a Rock Island el 5 de septiembre\",\"previousItem\":{\"@type\":\"ListItem\",\"@id\":\"https:\\\/\\\/holaamericanews.com\\\/es\\\/category\\\/latest-news\\\/hola-iowa\\\/#listItem\",\"name\":\"Hola Iowa\"}}]},{\"@type\":\"Organization\",\"@id\":\"https:\\\/\\\/holaamericanews.com\\\/es\\\/#organization\",\"name\":\"Hola America News\",\"description\":\"The Midwest's Latino News Source\",\"url\":\"https:\\\/\\\/holaamericanews.com\\\/es\\\/\",\"telephone\":\"+13097215693\",\"logo\":{\"@type\":\"ImageObject\",\"url\":\"https:\\\/\\\/holaamericanews.com\\\/wp-content\\\/uploads\\\/2023\\\/03\\\/HolaAmerica-News-web-logo.png\",\"@id\":\"https:\\\/\\\/holaamericanews.com\\\/es\\\/free-soul-of-the-city-festival-returns-to-rock-island-sept-5\\\/#organizationLogo\",\"width\":1000,\"height\":800},\"image\":{\"@id\":\"https:\\\/\\\/holaamericanews.com\\\/es\\\/free-soul-of-the-city-festival-returns-to-rock-island-sept-5\\\/#organizationLogo\"},\"sameAs\":[\"https:\\\/\\\/www.instagram.com\\\/holaamerica\"]},{\"@type\":\"Person\",\"@id\":\"https:\\\/\\\/holaamericanews.com\\\/es\\\/author\\\/hola-america-news\\\/#author\",\"url\":\"https:\\\/\\\/holaamericanews.com\\\/es\\\/author\\\/hola-america-news\\\/\",\"name\":\"Hola America News\",\"image\":{\"@type\":\"ImageObject\",\"@id\":\"https:\\\/\\\/holaamericanews.com\\\/es\\\/free-soul-of-the-city-festival-returns-to-rock-island-sept-5\\\/#authorImage\",\"url\":\"https:\\\/\\\/secure.gravatar.com\\\/avatar\\\/6d1c582bb271b69c302058f9a55f4953?s=96&d=mm&r=g\",\"width\":96,\"height\":96,\"caption\":\"Hola America News\"}},{\"@type\":\"WebPage\",\"@id\":\"https:\\\/\\\/holaamericanews.com\\\/es\\\/free-soul-of-the-city-festival-returns-to-rock-island-sept-5\\\/#webpage\",\"url\":\"https:\\\/\\\/holaamericanews.com\\\/es\\\/free-soul-of-the-city-festival-returns-to-rock-island-sept-5\\\/\",\"name\":\"Soul of the City 2026: Free Rock Island festival\",\"description\":\"Soul of the City runs from 10 a.m. to 6 p.m. Sept. 5 at Franklin Field in Rock Island, with a parade, live music and family activities.\",\"inLanguage\":\"es-ES\",\"isPartOf\":{\"@id\":\"https:\\\/\\\/holaamericanews.com\\\/es\\\/#website\"},\"breadcrumb\":{\"@id\":\"https:\\\/\\\/holaamericanews.com\\\/es\\\/free-soul-of-the-city-festival-returns-to-rock-island-sept-5\\\/#breadcrumblist\"},\"author\":{\"@id\":\"https:\\\/\\\/holaamericanews.com\\\/es\\\/author\\\/hola-america-news\\\/#author\"},\"creator\":{\"@id\":\"https:\\\/\\\/holaamericanews.com\\\/es\\\/author\\\/hola-america-news\\\/#author\"},\"image\":{\"@type\":\"ImageObject\",\"url\":\"https:\\\/\\\/holaamericanews.com\\\/wp-content\\\/uploads\\\/2026\\\/08\\\/Graphicforwebsiteevent.webp\",\"@id\":\"https:\\\/\\\/holaamericanews.com\\\/es\\\/free-soul-of-the-city-festival-returns-to-rock-island-sept-5\\\/#mainImage\",\"width\":1080,\"height\":1080},\"primaryImageOfPage\":{\"@id\":\"https:\\\/\\\/holaamericanews.com\\\/es\\\/free-soul-of-the-city-festival-returns-to-rock-island-sept-5\\\/#mainImage\"},\"datePublished\":\"2026-09-04T07:15:41-05:00\",\"dateModified\":\"2026-08-08T19:29:51-05:00\"},{\"@type\":\"WebSite\",\"@id\":\"https:\\\/\\\/holaamericanews.com\\\/es\\\/#website\",\"url\":\"https:\\\/\\\/holaamericanews.com\\\/es\\\/\",\"name\":\"{:en}Hola America News{:}{:es}Hola America News{:}\",\"description\":\"The Midwest's Latino News Source\",\"inLanguage\":\"es-ES\",\"publisher\":{\"@id\":\"https:\\\/\\\/holaamericanews.com\\\/es\\\/#organization\"}}]}\n\t\t<\/script>\n\t\t<!-- All in One SEO -->\n\n","aioseo_head_json":{"title":"Soul of the City 2026: Free Rock Island festival","description":"Soul of the City runs from 10 a.m. to 6 p.m. Sept. 5 at Franklin Field in Rock Island, with a parade, live music and family activities.","canonical_url":"https:\/\/holaamericanews.com\/es\/free-soul-of-the-city-festival-returns-to-rock-island-sept-5\/","robots":"max-image-preview:large","keywords":"","webmasterTools":{"google-site-verification":"m7ei7MHIrIAJKgJCB-dhRHjidvMGDMt9VLZZUS8PfBM","miscellaneous":""},"schema":{"@context":"https:\/\/schema.org","@graph":[{"@type":"Article","@id":"https:\/\/holaamericanews.com\/es\/free-soul-of-the-city-festival-returns-to-rock-island-sept-5\/#article","name":"Soul of the City 2026: Free Rock Island festival","headline":"Festival gratuito Soul of the City regresa a Rock Island el 5 de septiembre","author":{"@id":"https:\/\/holaamericanews.com\/es\/author\/hola-america-news\/#author"},"publisher":{"@id":"https:\/\/holaamericanews.com\/es\/#organization"},"image":{"@type":"ImageObject","url":"https:\/\/holaamericanews.com\/wp-content\/uploads\/2026\/08\/Graphicforwebsiteevent.webp","width":1080,"height":1080},"datePublished":"2026-09-04T07:15:41-05:00","dateModified":"2026-08-08T19:29:51-05:00","inLanguage":"es-ES","mainEntityOfPage":{"@id":"https:\/\/holaamericanews.com\/es\/free-soul-of-the-city-festival-returns-to-rock-island-sept-5\/#webpage"},"isPartOf":{"@id":"https:\/\/holaamericanews.com\/es\/free-soul-of-the-city-festival-returns-to-rock-island-sept-5\/#webpage"},"articleSection":"Hola Iowa, Latest News, community festivals, Franklin Field, free family events, Illinois festivals, Martin Luther King Center, Quad Cities events, Rock Island, Rock Island events, Soul of the City, Soul of the City 2026, Espa\u00f1ol"},{"@type":"BreadcrumbList","@id":"https:\/\/holaamericanews.com\/es\/free-soul-of-the-city-festival-returns-to-rock-island-sept-5\/#breadcrumblist","itemListElement":[{"@type":"ListItem","@id":"https:\/\/holaamericanews.com\/es#listItem","position":1,"name":"Home","item":"https:\/\/holaamericanews.com\/es","nextItem":{"@type":"ListItem","@id":"https:\/\/holaamericanews.com\/es\/category\/latest-news\/#listItem","name":"Latest News"}},{"@type":"ListItem","@id":"https:\/\/holaamericanews.com\/es\/category\/latest-news\/#listItem","position":2,"name":"Latest News","item":"https:\/\/holaamericanews.com\/es\/category\/latest-news\/","nextItem":{"@type":"ListItem","@id":"https:\/\/holaamericanews.com\/es\/category\/latest-news\/hola-iowa\/#listItem","name":"Hola Iowa"},"previousItem":{"@type":"ListItem","@id":"https:\/\/holaamericanews.com\/es#listItem","name":"Home"}},{"@type":"ListItem","@id":"https:\/\/holaamericanews.com\/es\/category\/latest-news\/hola-iowa\/#listItem","position":3,"name":"Hola Iowa","item":"https:\/\/holaamericanews.com\/es\/category\/latest-news\/hola-iowa\/","nextItem":{"@type":"ListItem","@id":"https:\/\/holaamericanews.com\/es\/free-soul-of-the-city-festival-returns-to-rock-island-sept-5\/#listItem","name":"Festival gratuito Soul of the City regresa a Rock Island el 5 de septiembre"},"previousItem":{"@type":"ListItem","@id":"https:\/\/holaamericanews.com\/es\/category\/latest-news\/#listItem","name":"Latest News"}},{"@type":"ListItem","@id":"https:\/\/holaamericanews.com\/es\/free-soul-of-the-city-festival-returns-to-rock-island-sept-5\/#listItem","position":4,"name":"Festival gratuito Soul of the City regresa a Rock Island el 5 de septiembre","previousItem":{"@type":"ListItem","@id":"https:\/\/holaamericanews.com\/es\/category\/latest-news\/hola-iowa\/#listItem","name":"Hola Iowa"}}]},{"@type":"Organization","@id":"https:\/\/holaamericanews.com\/es\/#organization","name":"Hola America News","description":"The Midwest's Latino News Source","url":"https:\/\/holaamericanews.com\/es\/","telephone":"+13097215693","logo":{"@type":"ImageObject","url":"https:\/\/holaamericanews.com\/wp-content\/uploads\/2023\/03\/HolaAmerica-News-web-logo.png","@id":"https:\/\/holaamericanews.com\/es\/free-soul-of-the-city-festival-returns-to-rock-island-sept-5\/#organizationLogo","width":1000,"height":800},"image":{"@id":"https:\/\/holaamericanews.com\/es\/free-soul-of-the-city-festival-returns-to-rock-island-sept-5\/#organizationLogo"},"sameAs":["https:\/\/www.instagram.com\/holaamerica"]},{"@type":"Person","@id":"https:\/\/holaamericanews.com\/es\/author\/hola-america-news\/#author","url":"https:\/\/holaamericanews.com\/es\/author\/hola-america-news\/","name":"Hola America News","image":{"@type":"ImageObject","@id":"https:\/\/holaamericanews.com\/es\/free-soul-of-the-city-festival-returns-to-rock-island-sept-5\/#authorImage","url":"https:\/\/secure.gravatar.com\/avatar\/6d1c582bb271b69c302058f9a55f4953?s=96&d=mm&r=g","width":96,"height":96,"caption":"Hola America News"}},{"@type":"WebPage","@id":"https:\/\/holaamericanews.com\/es\/free-soul-of-the-city-festival-returns-to-rock-island-sept-5\/#webpage","url":"https:\/\/holaamericanews.com\/es\/free-soul-of-the-city-festival-returns-to-rock-island-sept-5\/","name":"Soul of the City 2026: Free Rock Island festival","description":"Soul of the City runs from 10 a.m. to 6 p.m. Sept. 5 at Franklin Field in Rock Island, with a parade, live music and family activities.","inLanguage":"es-ES","isPartOf":{"@id":"https:\/\/holaamericanews.com\/es\/#website"},"breadcrumb":{"@id":"https:\/\/holaamericanews.com\/es\/free-soul-of-the-city-festival-returns-to-rock-island-sept-5\/#breadcrumblist"},"author":{"@id":"https:\/\/holaamericanews.com\/es\/author\/hola-america-news\/#author"},"creator":{"@id":"https:\/\/holaamericanews.com\/es\/author\/hola-america-news\/#author"},"image":{"@type":"ImageObject","url":"https:\/\/holaamericanews.com\/wp-content\/uploads\/2026\/08\/Graphicforwebsiteevent.webp","@id":"https:\/\/holaamericanews.com\/es\/free-soul-of-the-city-festival-returns-to-rock-island-sept-5\/#mainImage","width":1080,"height":1080},"primaryImageOfPage":{"@id":"https:\/\/holaamericanews.com\/es\/free-soul-of-the-city-festival-returns-to-rock-island-sept-5\/#mainImage"},"datePublished":"2026-09-04T07:15:41-05:00","dateModified":"2026-08-08T19:29:51-05:00"},{"@type":"WebSite","@id":"https:\/\/holaamericanews.com\/es\/#website","url":"https:\/\/holaamericanews.com\/es\/","name":"{:en}Hola America News{:}{:es}Hola America News{:}","description":"The Midwest's Latino News Source","inLanguage":"es-ES","publisher":{"@id":"https:\/\/holaamericanews.com\/es\/#organization"}}]},"og:locale":"es_ES","og:site_name":"{:en}Hola America News{:}{:es}Hola America News{:}","og:type":"article","og:title":"Soul of the City 2026: Free Rock Island festival","og:description":"Soul of the City runs from 10 a.m. to 6 p.m. Sept. 5 at Franklin Field in Rock Island, with a parade, live music and family activities.","og:url":"https:\/\/holaamericanews.com\/es\/free-soul-of-the-city-festival-returns-to-rock-island-sept-5\/","og:image":"https:\/\/holaamericanews.com\/wp-content\/uploads\/2026\/08\/Graphicforwebsiteevent.webp","og:image:secure_url":"https:\/\/holaamericanews.com\/wp-content\/uploads\/2026\/08\/Graphicforwebsiteevent.webp","og:image:width":1080,"og:image:height":1080,"article:published_time":"2026-09-04T12:15:41+00:00","article:modified_time":"2026-08-09T00:29:51+00:00","article:publisher":"https:\/\/www.facebook.com\/HolaAmericaNews","twitter:card":"summary","twitter:site":"@HolaAmericaNews","twitter:title":"Soul of the City 2026: Free Rock Island festival","twitter:description":"Soul of the City runs from 10 a.m. to 6 p.m. Sept. 5 at Franklin Field in Rock Island, with a parade, live music and family activities.","twitter:image":"https:\/\/holaamericanews.com\/wp-content\/uploads\/2026\/08\/Graphicforwebsiteevent.webp"},"aioseo_meta_data":{"post_id":"38698","title":"Soul of the City 2026: Free Rock Island festival","description":"Soul of the City runs from 10 a.m. to 6 p.m. Sept. 5 at Franklin Field in Rock Island, with a parade, live music and family activities.","keywords":null,"keyphrases":{"focus":{"keyphrase":"","score":0,"analysis":{"keyphraseInTitle":{"score":0,"maxScore":9,"error":1}}},"additional":[]},"primary_term":null,"canonical_url":null,"og_title":null,"og_description":null,"og_object_type":"default","og_image_type":"default","og_image_url":null,"og_image_width":null,"og_image_height":null,"og_image_custom_url":null,"og_image_custom_fields":null,"og_video":"","og_custom_url":null,"og_article_section":null,"og_article_tags":null,"twitter_use_og":false,"twitter_card":"default","twitter_image_type":"default","twitter_image_url":null,"twitter_image_custom_url":null,"twitter_image_custom_fields":null,"twitter_title":null,"twitter_description":null,"schema":{"blockGraphs":[],"customGraphs":[],"default":{"data":{"Article":[],"Course":[],"Dataset":[],"FAQPage":[],"Movie":[],"Person":[],"Product":[],"ProductReview":[],"Car":[],"Recipe":[],"Service":[],"SoftwareApplication":[],"WebPage":[]},"graphName":"Article","isEnabled":true},"graphs":[]},"schema_type":"default","schema_type_options":null,"pillar_content":false,"robots_default":true,"robots_noindex":false,"robots_noarchive":false,"robots_nosnippet":false,"robots_nofollow":false,"robots_noimageindex":false,"robots_noodp":false,"robots_notranslate":false,"robots_max_snippet":"-1","robots_max_videopreview":"-1","robots_max_imagepreview":"large","priority":null,"frequency":"default","local_seo":null,"breadcrumb_settings":null,"limit_modified_date":false,"ai":{"faqs":[],"keyPoints":[],"schemas":[],"titles":[],"descriptions":[],"socialPosts":{"email":{"subject":"","preview":"","content":""},"linkedin":[],"twitter":[],"facebook":[],"instagram":[]}},"created":"2026-08-08 23:19:35","updated":"2026-09-04 12:40:19","seo_analyzer_scan_date":null},"aioseo_breadcrumb":"<div class=\"aioseo-breadcrumbs\"><span class=\"aioseo-breadcrumb\">\n\t\t\t<a href=\"https:\/\/holaamericanews.com\/es\" title=\"Home\">Home<\/a>\n\t\t<\/span><span class=\"aioseo-breadcrumb-separator\">&raquo;<\/span><span class=\"aioseo-breadcrumb\">\n\t\t\t<a href=\"https:\/\/holaamericanews.com\/es\/category\/latest-news\/\" title=\"Latest News\">Latest News<\/a>\n\t\t<\/span><span class=\"aioseo-breadcrumb-separator\">&raquo;<\/span><span class=\"aioseo-breadcrumb\">\n\t\t\t<a href=\"https:\/\/holaamericanews.com\/es\/category\/latest-news\/hola-iowa\/\" title=\"Hola Iowa\">Hola Iowa<\/a>\n\t\t<\/span><span class=\"aioseo-breadcrumb-separator\">&raquo;<\/span><span class=\"aioseo-breadcrumb\">\n\t\t\tFestival gratuito Soul of the City regresa a Rock Island el 5 de septiembre\n\t\t<\/span><\/div>","aioseo_breadcrumb_json":[{"label":"Home","link":"https:\/\/holaamericanews.com\/es"},{"label":"Latest News","link":"https:\/\/holaamericanews.com\/es\/category\/latest-news\/"},{"label":"Hola Iowa","link":"https:\/\/holaamericanews.com\/es\/category\/latest-news\/hola-iowa\/"},{"label":"Festival gratuito Soul of the City regresa a Rock Island el 5 de septiembre","link":"https:\/\/holaamericanews.com\/es\/free-soul-of-the-city-festival-returns-to-rock-island-sept-5\/"}],"_links":{"self":[{"href":"https:\/\/holaamericanews.com\/es\/wp-json\/wp\/v2\/posts\/38698"}],"collection":[{"href":"https:\/\/holaamericanews.com\/es\/wp-json\/wp\/v2\/posts"}],"about":[{"href":"https:\/\/holaamericanews.com\/es\/wp-json\/wp\/v2\/types\/post"}],"author":[{"embeddable":true,"href":"https:\/\/holaamericanews.com\/es\/wp-json\/wp\/v2\/users\/3"}],"replies":[{"embeddable":true,"href":"https:\/\/holaamericanews.com\/es\/wp-json\/wp\/v2\/comments?post=38698"}],"version-history":[{"count":3,"href":"https:\/\/holaamericanews.com\/es\/wp-json\/wp\/v2\/posts\/38698\/revisions"}],"predecessor-version":[{"id":38702,"href":"https:\/\/holaamericanews.com\/es\/wp-json\/wp\/v2\/posts\/38698\/revisions\/38702"}],"wp:featuredmedia":[{"embeddable":true,"href":"https:\/\/holaamericanews.com\/es\/wp-json\/wp\/v2\/media\/38700"}],"wp:attachment":[{"href":"https:\/\/holaamericanews.com\/es\/wp-json\/wp\/v2\/media?parent=38698"}],"wp:term":[{"taxonomy":"category","embeddable":true,"href":"https:\/\/holaamericanews.com\/es\/wp-json\/wp\/v2\/categories?post=38698"},{"taxonomy":"post_tag","embeddable":true,"href":"https:\/\/holaamericanews.com\/es\/wp-json\/wp\/v2\/tags?post=38698"}],"curies":[{"name":"wp","href":"https:\/\/api.w.org\/{rel}","templated":true}]}}